{"id":6207,"date":"2024-09-10T13:07:27","date_gmt":"2024-09-10T11:07:27","guid":{"rendered":"https:\/\/www.penacerrada-urizaharra.eus\/convocatoria-del-pleno-dia-10-de-septiembre-a-las-1900-hora\/"},"modified":"2024-09-10T13:07:27","modified_gmt":"2024-09-10T11:07:27","slug":"convocatoria-del-pleno-dia-10-de-septiembre-a-las-1900-hora","status":"publish","type":"post","link":"https:\/\/www.penacerrada-urizaharra.eus\/eu\/convocatoria-del-pleno-dia-10-de-septiembre-a-las-1900-hora\/","title":{"rendered":"Convocatoria del pleno (d\u00eda 10 de SEPTIEMBRE a las 19:00 hora)"},"content":{"rendered":"<ul>\n<li>D\u00cdA: 10 DE SEPTIEMBRE DE 2024<\/li>\n<li>HORA: 19:00<\/li>\n<li>LUGAR: Sal\u00f3n de Sesiones<\/li>\n<li>SESI\u00d3N: Ordinaria<\/li>\n<\/ul>\n<p>Por Resoluci\u00f3n de Alcald\u00eda n\u00ba 118\/2024 de fecha 5 de SEPTIEMBRE, se ha convocado Sesi\u00f3n Ordinaria del Pleno Municipal, que se celebrar\u00e1 el pr\u00f3ximo MARTES, d\u00eda 10 de SEPTIEMBRE a las 19:00 horas, y que, seg\u00fan lo previsto en el art\u00edculo 80 del Reglamento de Organizaci\u00f3n, Funcionamiento y R\u00e9gimen Jur\u00eddico de las Entidades Locales aprobado por Real Decreto 2568\/1986, de 28 de noviembre, tendr\u00e1 el siguiente,<\/p>\n<h2>ORDEN DEL D\u00cdA<\/h2>\n<ol>\n<li>PRIMERO.- Lectura y aprobaci\u00f3n, si procede, del acta de la sesi\u00f3n plenaria celebrada con fecha 9 de julio de 2024.<\/li>\n<li>SEGUNDO.- Daci\u00f3n de cuentas de las Resoluciones de Alcald\u00eda dictadas desde la celebraci\u00f3n de la \u00faltima sesi\u00f3n ordinaria de pleno.<\/li>\n<li>TERCERO.- Aprobaci\u00f3n de Convenio entre la Cuadrilla de Monta\u00f1a Alavesa y el Ayuntamiento de Pe\u00f1acerrada-Urizaharra para la delegaci\u00f3n de competencias en materia de recogida de los residuos de competencia municipal y su transporte a las plantas de tratamiento autorizadas y posterior gesti\u00f3n.<\/li>\n<li>CUARTO.- Aprobaci\u00f3n de la incorporaci\u00f3n de modificaciones no sustanciales a la aprobaci\u00f3n provisional del Plan General de Ordenaci\u00f3n Urbana y documento de Evaluaci\u00f3n Ambiental Estrat\u00e9gica, para su aprobaci\u00f3n definitiva por la Diputaci\u00f3n Foral de \u00c1lava.<\/li>\n<li>QUINTO.- Aprobaci\u00f3n expediente de contrataci\u00f3n por procedimiento abierto simplificado sumario o supersimplificado de realizaci\u00f3n de un censo de instalaciones y emplazamientos con amianto en el municipio de Pe\u00f1acerrada-Urizaharra<\/li>\n<li>SEXTO.- Alegaciones al texto inicial del II Plan de Movilidad Sostenible del Territorio Hist\u00f3rico de \u00c1lava en su periodo de informaci\u00f3n p\u00fablica.<\/li>\n<li>S\u00c9PTIMO.- Correspondencia recibida.<\/li>\n<li>OCTAVO.- Ruegos y preguntas.<\/li>\n<\/ol>\n<p>En Pe\u00f1acerrada-Urizaharra (Araba-\u00c1lava), a 5 de septiembre de 2024.<br \/>\nEl Secretario,<br \/>\nFdo.: I\u00f1aki Joseba Prusilla Mu\u00f1oz.<\/p>\n<p>&nbsp;<\/p>\n","protected":false},"excerpt":{"rendered":"<p>D\u00cdA: 10 DE SEPTIEMBRE DE 2024 HORA: 19:00 LUGAR: Sal\u00f3n de Sesiones SESI\u00d3N: Ordinaria Por Resoluci\u00f3n de Alcald\u00eda n\u00ba 118\/2024 de fecha 5 de SEPTIEMBRE, se ha convocado Sesi\u00f3n Ordinaria del Pleno Municipal, que se celebrar\u00e1 el pr\u00f3ximo MARTES, d\u00eda 10 de SEPTIEMBRE a las 19:00 horas, y que, seg\u00fan lo previsto en el art\u00edculo [&hellip;]<\/p>\n","protected":false},"author":1,"featured_media":4726,"comment_status":"closed","ping_status":"open","sticky":false,"template":"","format":"standard","meta":{"footnotes":""},"categories":[18],"tags":[],"class_list":["post-6207","post","type-post","status-publish","format-standard","has-post-thumbnail","hentry","category-berriak"],"yoast_head":"<!-- This site is optimized with the Yoast SEO plugin v26.6 - https:\/\/yoast.com\/wordpress\/plugins\/seo\/ -->\n<title>Convocatoria del pleno (d\u00eda 10 de SEPTIEMBRE a las 19:00 hora) - Ayuntamiento de Pe\u00f1acerrada-Urizaharra<\/title>\n<meta name=\"robots\" content=\"index, follow, max-snippet:-1, max-image-preview:large, max-video-preview:-1\" \/>\n<link rel=\"canonical\" href=\"https:\/\/www.penacerrada-urizaharra.eus\/eu\/convocatoria-del-pleno-dia-10-de-septiembre-a-las-1900-hora\/\" \/>\n<meta property=\"og:locale\" content=\"eu_ES\" \/>\n<meta property=\"og:type\" content=\"article\" \/>\n<meta property=\"og:title\" content=\"Convocatoria del pleno (d\u00eda 10 de SEPTIEMBRE a las 19:00 hora) - Ayuntamiento de Pe\u00f1acerrada-Urizaharra\" \/>\n<meta property=\"og:description\" content=\"D\u00cdA: 10 DE SEPTIEMBRE DE 2024 HORA: 19:00 LUGAR: Sal\u00f3n de Sesiones SESI\u00d3N: Ordinaria Por Resoluci\u00f3n de Alcald\u00eda n\u00ba 118\/2024 de fecha 5 de SEPTIEMBRE, se ha convocado Sesi\u00f3n Ordinaria del Pleno Municipal, que se celebrar\u00e1 el pr\u00f3ximo MARTES, d\u00eda 10 de SEPTIEMBRE a las 19:00 horas, y que, seg\u00fan lo previsto en el art\u00edculo [&hellip;]\" \/>\n<meta property=\"og:url\" content=\"https:\/\/www.penacerrada-urizaharra.eus\/eu\/convocatoria-del-pleno-dia-10-de-septiembre-a-las-1900-hora\/\" \/>\n<meta property=\"og:site_name\" content=\"Ayuntamiento de Pe\u00f1acerrada-Urizaharra\" \/>\n<meta property=\"article:published_time\" content=\"2024-09-10T11:07:27+00:00\" \/>\n<meta name=\"author\" content=\"Ayuntamiento de Pe\u00f1acerrada-Urizaharra\" \/>\n<meta name=\"twitter:card\" content=\"summary_large_image\" \/>\n<meta name=\"twitter:label1\" content=\"Written by\" \/>\n\t<meta name=\"twitter:data1\" content=\"Ayuntamiento de Pe\u00f1acerrada-Urizaharra\" \/>\n\t<meta name=\"twitter:label2\" content=\"Est. reading time\" \/>\n\t<meta name=\"twitter:data2\" content=\"2 minutes\" \/>\n<script type=\"application\/ld+json\" class=\"yoast-schema-graph\">{\"@context\":\"https:\/\/schema.org\",\"@graph\":[{\"@type\":\"WebPage\",\"@id\":\"https:\/\/www.penacerrada-urizaharra.eus\/eu\/convocatoria-del-pleno-dia-10-de-septiembre-a-las-1900-hora\/\",\"url\":\"https:\/\/www.penacerrada-urizaharra.eus\/eu\/convocatoria-del-pleno-dia-10-de-septiembre-a-las-1900-hora\/\",\"name\":\"Convocatoria del pleno (d\u00eda 10 de SEPTIEMBRE a las 19:00 hora) - Ayuntamiento de Pe\u00f1acerrada-Urizaharra\",\"isPartOf\":{\"@id\":\"https:\/\/www.penacerrada-urizaharra.eus\/#website\"},\"primaryImageOfPage\":{\"@id\":\"https:\/\/www.penacerrada-urizaharra.eus\/eu\/convocatoria-del-pleno-dia-10-de-septiembre-a-las-1900-hora\/#primaryimage\"},\"image\":{\"@id\":\"https:\/\/www.penacerrada-urizaharra.eus\/eu\/convocatoria-del-pleno-dia-10-de-septiembre-a-las-1900-hora\/#primaryimage\"},\"thumbnailUrl\":\"https:\/\/www.penacerrada-urizaharra.eus\/wp-content\/uploads\/2022\/06\/icono-noticia-escudo.gif\",\"datePublished\":\"2024-09-10T11:07:27+00:00\",\"author\":{\"@id\":\"https:\/\/www.penacerrada-urizaharra.eus\/#\/schema\/person\/fe1f5cb4e53761d6c52df044d2d8d3af\"},\"breadcrumb\":{\"@id\":\"https:\/\/www.penacerrada-urizaharra.eus\/eu\/convocatoria-del-pleno-dia-10-de-septiembre-a-las-1900-hora\/#breadcrumb\"},\"inLanguage\":\"eu-ES\",\"potentialAction\":[{\"@type\":\"ReadAction\",\"target\":[\"https:\/\/www.penacerrada-urizaharra.eus\/eu\/convocatoria-del-pleno-dia-10-de-septiembre-a-las-1900-hora\/\"]}]},{\"@type\":\"ImageObject\",\"inLanguage\":\"eu-ES\",\"@id\":\"https:\/\/www.penacerrada-urizaharra.eus\/eu\/convocatoria-del-pleno-dia-10-de-septiembre-a-las-1900-hora\/#primaryimage\",\"url\":\"https:\/\/www.penacerrada-urizaharra.eus\/wp-content\/uploads\/2022\/06\/icono-noticia-escudo.gif\",\"contentUrl\":\"https:\/\/www.penacerrada-urizaharra.eus\/wp-content\/uploads\/2022\/06\/icono-noticia-escudo.gif\",\"width\":500,\"height\":500},{\"@type\":\"BreadcrumbList\",\"@id\":\"https:\/\/www.penacerrada-urizaharra.eus\/eu\/convocatoria-del-pleno-dia-10-de-septiembre-a-las-1900-hora\/#breadcrumb\",\"itemListElement\":[{\"@type\":\"ListItem\",\"position\":1,\"name\":\"Portada\",\"item\":\"https:\/\/www.penacerrada-urizaharra.eus\/eu\/\"},{\"@type\":\"ListItem\",\"position\":2,\"name\":\"Convocatoria del pleno (d\u00eda 10 de SEPTIEMBRE a las 19:00 hora)\"}]},{\"@type\":\"WebSite\",\"@id\":\"https:\/\/www.penacerrada-urizaharra.eus\/#website\",\"url\":\"https:\/\/www.penacerrada-urizaharra.eus\/\",\"name\":\"Ayuntamiento de Pe\u00f1acerrada-Urizaharra\",\"description\":\"\",\"potentialAction\":[{\"@type\":\"SearchAction\",\"target\":{\"@type\":\"EntryPoint\",\"urlTemplate\":\"https:\/\/www.penacerrada-urizaharra.eus\/?s={search_term_string}\"},\"query-input\":{\"@type\":\"PropertyValueSpecification\",\"valueRequired\":true,\"valueName\":\"search_term_string\"}}],\"inLanguage\":\"eu-ES\"},{\"@type\":\"Person\",\"@id\":\"https:\/\/www.penacerrada-urizaharra.eus\/#\/schema\/person\/fe1f5cb4e53761d6c52df044d2d8d3af\",\"name\":\"Ayuntamiento de Pe\u00f1acerrada-Urizaharra\",\"url\":\"https:\/\/www.penacerrada-urizaharra.eus\/eu\/author\/penurambar\/\"}]}<\/script>\n<!-- \/ Yoast SEO plugin. -->","yoast_head_json":{"title":"Convocatoria del pleno (d\u00eda 10 de SEPTIEMBRE a las 19:00 hora) - Ayuntamiento de Pe\u00f1acerrada-Urizaharra","robots":{"index":"index","follow":"follow","max-snippet":"max-snippet:-1","max-image-preview":"max-image-preview:large","max-video-preview":"max-video-preview:-1"},"canonical":"https:\/\/www.penacerrada-urizaharra.eus\/eu\/convocatoria-del-pleno-dia-10-de-septiembre-a-las-1900-hora\/","og_locale":"eu_ES","og_type":"article","og_title":"Convocatoria del pleno (d\u00eda 10 de SEPTIEMBRE a las 19:00 hora) - Ayuntamiento de Pe\u00f1acerrada-Urizaharra","og_description":"D\u00cdA: 10 DE SEPTIEMBRE DE 2024 HORA: 19:00 LUGAR: Sal\u00f3n de Sesiones SESI\u00d3N: Ordinaria Por Resoluci\u00f3n de Alcald\u00eda n\u00ba 118\/2024 de fecha 5 de SEPTIEMBRE, se ha convocado Sesi\u00f3n Ordinaria del Pleno Municipal, que se celebrar\u00e1 el pr\u00f3ximo MARTES, d\u00eda 10 de SEPTIEMBRE a las 19:00 horas, y que, seg\u00fan lo previsto en el art\u00edculo [&hellip;]","og_url":"https:\/\/www.penacerrada-urizaharra.eus\/eu\/convocatoria-del-pleno-dia-10-de-septiembre-a-las-1900-hora\/","og_site_name":"Ayuntamiento de Pe\u00f1acerrada-Urizaharra","article_published_time":"2024-09-10T11:07:27+00:00","author":"Ayuntamiento de Pe\u00f1acerrada-Urizaharra","twitter_card":"summary_large_image","twitter_misc":{"Written by":"Ayuntamiento de Pe\u00f1acerrada-Urizaharra","Est. reading time":"2 minutes"},"schema":{"@context":"https:\/\/schema.org","@graph":[{"@type":"WebPage","@id":"https:\/\/www.penacerrada-urizaharra.eus\/eu\/convocatoria-del-pleno-dia-10-de-septiembre-a-las-1900-hora\/","url":"https:\/\/www.penacerrada-urizaharra.eus\/eu\/convocatoria-del-pleno-dia-10-de-septiembre-a-las-1900-hora\/","name":"Convocatoria del pleno (d\u00eda 10 de SEPTIEMBRE a las 19:00 hora) - Ayuntamiento de Pe\u00f1acerrada-Urizaharra","isPartOf":{"@id":"https:\/\/www.penacerrada-urizaharra.eus\/#website"},"primaryImageOfPage":{"@id":"https:\/\/www.penacerrada-urizaharra.eus\/eu\/convocatoria-del-pleno-dia-10-de-septiembre-a-las-1900-hora\/#primaryimage"},"image":{"@id":"https:\/\/www.penacerrada-urizaharra.eus\/eu\/convocatoria-del-pleno-dia-10-de-septiembre-a-las-1900-hora\/#primaryimage"},"thumbnailUrl":"https:\/\/www.penacerrada-urizaharra.eus\/wp-content\/uploads\/2022\/06\/icono-noticia-escudo.gif","datePublished":"2024-09-10T11:07:27+00:00","author":{"@id":"https:\/\/www.penacerrada-urizaharra.eus\/#\/schema\/person\/fe1f5cb4e53761d6c52df044d2d8d3af"},"breadcrumb":{"@id":"https:\/\/www.penacerrada-urizaharra.eus\/eu\/convocatoria-del-pleno-dia-10-de-septiembre-a-las-1900-hora\/#breadcrumb"},"inLanguage":"eu-ES","potentialAction":[{"@type":"ReadAction","target":["https:\/\/www.penacerrada-urizaharra.eus\/eu\/convocatoria-del-pleno-dia-10-de-septiembre-a-las-1900-hora\/"]}]},{"@type":"ImageObject","inLanguage":"eu-ES","@id":"https:\/\/www.penacerrada-urizaharra.eus\/eu\/convocatoria-del-pleno-dia-10-de-septiembre-a-las-1900-hora\/#primaryimage","url":"https:\/\/www.penacerrada-urizaharra.eus\/wp-content\/uploads\/2022\/06\/icono-noticia-escudo.gif","contentUrl":"https:\/\/www.penacerrada-urizaharra.eus\/wp-content\/uploads\/2022\/06\/icono-noticia-escudo.gif","width":500,"height":500},{"@type":"BreadcrumbList","@id":"https:\/\/www.penacerrada-urizaharra.eus\/eu\/convocatoria-del-pleno-dia-10-de-septiembre-a-las-1900-hora\/#breadcrumb","itemListElement":[{"@type":"ListItem","position":1,"name":"Portada","item":"https:\/\/www.penacerrada-urizaharra.eus\/eu\/"},{"@type":"ListItem","position":2,"name":"Convocatoria del pleno (d\u00eda 10 de SEPTIEMBRE a las 19:00 hora)"}]},{"@type":"WebSite","@id":"https:\/\/www.penacerrada-urizaharra.eus\/#website","url":"https:\/\/www.penacerrada-urizaharra.eus\/","name":"Ayuntamiento de Pe\u00f1acerrada-Urizaharra","description":"","potentialAction":[{"@type":"SearchAction","target":{"@type":"EntryPoint","urlTemplate":"https:\/\/www.penacerrada-urizaharra.eus\/?s={search_term_string}"},"query-input":{"@type":"PropertyValueSpecification","valueRequired":true,"valueName":"search_term_string"}}],"inLanguage":"eu-ES"},{"@type":"Person","@id":"https:\/\/www.penacerrada-urizaharra.eus\/#\/schema\/person\/fe1f5cb4e53761d6c52df044d2d8d3af","name":"Ayuntamiento de Pe\u00f1acerrada-Urizaharra","url":"https:\/\/www.penacerrada-urizaharra.eus\/eu\/author\/penurambar\/"}]}},"_links":{"self":[{"href":"https:\/\/www.penacerrada-urizaharra.eus\/eu\/wp-json\/wp\/v2\/posts\/6207","targetHints":{"allow":["GET"]}}],"collection":[{"href":"https:\/\/www.penacerrada-urizaharra.eus\/eu\/wp-json\/wp\/v2\/posts"}],"about":[{"href":"https:\/\/www.penacerrada-urizaharra.eus\/eu\/wp-json\/wp\/v2\/types\/post"}],"author":[{"embeddable":true,"href":"https:\/\/www.penacerrada-urizaharra.eus\/eu\/wp-json\/wp\/v2\/users\/1"}],"replies":[{"embeddable":true,"href":"https:\/\/www.penacerrada-urizaharra.eus\/eu\/wp-json\/wp\/v2\/comments?post=6207"}],"version-history":[{"count":0,"href":"https:\/\/www.penacerrada-urizaharra.eus\/eu\/wp-json\/wp\/v2\/posts\/6207\/revisions"}],"wp:featuredmedia":[{"embeddable":true,"href":"https:\/\/www.penacerrada-urizaharra.eus\/eu\/wp-json\/wp\/v2\/media\/4726"}],"wp:attachment":[{"href":"https:\/\/www.penacerrada-urizaharra.eus\/eu\/wp-json\/wp\/v2\/media?parent=6207"}],"wp:term":[{"taxonomy":"category","embeddable":true,"href":"https:\/\/www.penacerrada-urizaharra.eus\/eu\/wp-json\/wp\/v2\/categories?post=6207"},{"taxonomy":"post_tag","embeddable":true,"href":"https:\/\/www.penacerrada-urizaharra.eus\/eu\/wp-json\/wp\/v2\/tags?post=6207"}],"curies":[{"name":"wp","href":"https:\/\/api.w.org\/{rel}","templated":true}]}}