{"id":6067,"date":"2024-05-13T13:44:31","date_gmt":"2024-05-13T11:44:31","guid":{"rendered":"https:\/\/www.penacerrada-urizaharra.eus\/convocatoria-pleno-martes-dia-14-de-mayo-a-las-1900-horas\/"},"modified":"2024-05-13T13:44:31","modified_gmt":"2024-05-13T11:44:31","slug":"convocatoria-pleno-martes-dia-14-de-mayo-a-las-1900-horas","status":"publish","type":"post","link":"https:\/\/www.penacerrada-urizaharra.eus\/eu\/convocatoria-pleno-martes-dia-14-de-mayo-a-las-1900-horas\/","title":{"rendered":"CONVOCATORIA PLENO (MARTES, d\u00eda 14 de MAYO a las 19:00 horas)"},"content":{"rendered":"<p>D\u00cdA: 14 DE MAYO DE 2024<br \/>\nHORA: 19:00<br \/>\nLUGAR: Sal\u00f3n de Sesiones<br \/>\nSESI\u00d3N: Ordinaria<\/p>\n<p>&nbsp;<\/p>\n<p>Por Resoluci\u00f3n de Alcald\u00eda n\u00ba XX\/2024 de fecha 9 de MAYO, se ha convocado Sesi\u00f3n Ordinaria del Pleno Municipal, que se celebrar\u00e1 el pr\u00f3ximo MARTES, d\u00eda 14 de MAYO a las 19:00 horas, y que, seg\u00fan lo previsto en el art\u00edculo 80 del Reglamento de Organizaci\u00f3n, Funcionamiento y R\u00e9gimen Jur\u00eddico de las Entidades Locales aprobado por Real Decreto 2568\/1986, de 28 de noviembre, tendr\u00e1 el siguiente,<\/p>\n<p>ORDEN DEL D\u00cdA<\/p>\n<ul>\n<li>PRIMERO.- Lectura y aprobaci\u00f3n, si procede, de las actas de las sesiones plenarias celebradas con fecha 12 de marzo y 21 de marzo de 2024.<\/li>\n<li>SEGUNDO.- Daci\u00f3n de cuentas de las Resoluciones de Alcald\u00eda dictadas desde la celebraci\u00f3n de la \u00faltima sesi\u00f3n ordinaria de pleno.<\/li>\n<li>TERCERO.- Designaci\u00f3n, mediante sorteo, de Presidente, Vocales y Suplentes de la Mesa Electoral para las Elecciones al Parlamento Europeo que se celebrar\u00e1n el pr\u00f3ximo d\u00eda 9 de junio de 2024.<\/li>\n<li>CUARTO.- Concesi\u00f3n de subvenciones nominativas dirigidas a las Juntas Administrativas del municipio. Aprobaci\u00f3n del convenio regulador.<\/li>\n<li>QUINTO.- Plan Foral de Obras y Servicios 2024-2025.<\/li>\n<li>SEXTO.- Determinaci\u00f3n de la fecha y denominaci\u00f3n de la festividad local correspondiente al municipio de Pe\u00f1acerrada-Urizaharra para el a\u00f1o 2025.<\/li>\n<li>S\u00c9PTIMO.- Dar cuenta de la adjudicaci\u00f3n del contrato de Desbroce de los Caminos Catalogados del T\u00e9rmino municipal de Pe\u00f1acerrada-Urizaharra.<\/li>\n<li>OCTAVO.- Estado de ejecuci\u00f3n presupuestaria a 31 de marzo de 2024.<\/li>\n<li>NOVENO.- Declaraci\u00f3n Institucional con motivo del 17 de mayo, D\u00eda Internacional contra la homofobia, lesbofobia y transfobia.<\/li>\n<li>D\u00c9CIMO.- Correspondencia recibida.<\/li>\n<li>UND\u00c9CIMO.- Ruegos y preguntas.<\/li>\n<\/ul>\n<p style=\"text-align: right;\">\n","protected":false},"excerpt":{"rendered":"<p>D\u00cdA: 14 DE MAYO DE 2024 HORA: 19:00 LUGAR: Sal\u00f3n de Sesiones SESI\u00d3N: Ordinaria &nbsp; Por Resoluci\u00f3n de Alcald\u00eda n\u00ba XX\/2024 de fecha 9 de MAYO, se ha convocado Sesi\u00f3n Ordinaria del Pleno Municipal, que se celebrar\u00e1 el pr\u00f3ximo MARTES, d\u00eda 14 de MAYO a las 19:00 horas, y que, seg\u00fan lo previsto en el [&hellip;]<\/p>\n","protected":false},"author":1,"featured_media":4726,"comment_status":"closed","ping_status":"open","sticky":false,"template":"","format":"standard","meta":{"footnotes":""},"categories":[18],"tags":[],"class_list":["post-6067","post","type-post","status-publish","format-standard","has-post-thumbnail","hentry","category-berriak"],"yoast_head":"<!-- This site is optimized with the Yoast SEO plugin v26.6 - https:\/\/yoast.com\/wordpress\/plugins\/seo\/ -->\n<title>CONVOCATORIA PLENO (MARTES, d\u00eda 14 de MAYO a las 19:00 horas) - Ayuntamiento de Pe\u00f1acerrada-Urizaharra<\/title>\n<meta name=\"robots\" content=\"index, follow, max-snippet:-1, max-image-preview:large, max-video-preview:-1\" \/>\n<link rel=\"canonical\" href=\"https:\/\/www.penacerrada-urizaharra.eus\/eu\/convocatoria-pleno-martes-dia-14-de-mayo-a-las-1900-horas\/\" \/>\n<meta property=\"og:locale\" content=\"eu_ES\" \/>\n<meta property=\"og:type\" content=\"article\" \/>\n<meta property=\"og:title\" content=\"CONVOCATORIA PLENO (MARTES, d\u00eda 14 de MAYO a las 19:00 horas) - Ayuntamiento de Pe\u00f1acerrada-Urizaharra\" \/>\n<meta property=\"og:description\" content=\"D\u00cdA: 14 DE MAYO DE 2024 HORA: 19:00 LUGAR: Sal\u00f3n de Sesiones SESI\u00d3N: Ordinaria &nbsp; Por Resoluci\u00f3n de Alcald\u00eda n\u00ba XX\/2024 de fecha 9 de MAYO, se ha convocado Sesi\u00f3n Ordinaria del Pleno Municipal, que se celebrar\u00e1 el pr\u00f3ximo MARTES, d\u00eda 14 de MAYO a las 19:00 horas, y que, seg\u00fan lo previsto en el [&hellip;]\" \/>\n<meta property=\"og:url\" content=\"https:\/\/www.penacerrada-urizaharra.eus\/eu\/convocatoria-pleno-martes-dia-14-de-mayo-a-las-1900-horas\/\" \/>\n<meta property=\"og:site_name\" content=\"Ayuntamiento de Pe\u00f1acerrada-Urizaharra\" \/>\n<meta property=\"article:published_time\" content=\"2024-05-13T11:44:31+00:00\" \/>\n<meta name=\"author\" content=\"Ayuntamiento de Pe\u00f1acerrada-Urizaharra\" \/>\n<meta name=\"twitter:card\" content=\"summary_large_image\" \/>\n<meta name=\"twitter:label1\" content=\"Written by\" \/>\n\t<meta name=\"twitter:data1\" content=\"Ayuntamiento de Pe\u00f1acerrada-Urizaharra\" \/>\n\t<meta name=\"twitter:label2\" content=\"Est. reading time\" \/>\n\t<meta name=\"twitter:data2\" content=\"1 minute\" \/>\n<script type=\"application\/ld+json\" class=\"yoast-schema-graph\">{\"@context\":\"https:\/\/schema.org\",\"@graph\":[{\"@type\":\"WebPage\",\"@id\":\"https:\/\/www.penacerrada-urizaharra.eus\/eu\/convocatoria-pleno-martes-dia-14-de-mayo-a-las-1900-horas\/\",\"url\":\"https:\/\/www.penacerrada-urizaharra.eus\/eu\/convocatoria-pleno-martes-dia-14-de-mayo-a-las-1900-horas\/\",\"name\":\"CONVOCATORIA PLENO (MARTES, d\u00eda 14 de MAYO a las 19:00 horas) - Ayuntamiento de Pe\u00f1acerrada-Urizaharra\",\"isPartOf\":{\"@id\":\"https:\/\/www.penacerrada-urizaharra.eus\/#website\"},\"primaryImageOfPage\":{\"@id\":\"https:\/\/www.penacerrada-urizaharra.eus\/eu\/convocatoria-pleno-martes-dia-14-de-mayo-a-las-1900-horas\/#primaryimage\"},\"image\":{\"@id\":\"https:\/\/www.penacerrada-urizaharra.eus\/eu\/convocatoria-pleno-martes-dia-14-de-mayo-a-las-1900-horas\/#primaryimage\"},\"thumbnailUrl\":\"https:\/\/www.penacerrada-urizaharra.eus\/wp-content\/uploads\/2022\/06\/icono-noticia-escudo.gif\",\"datePublished\":\"2024-05-13T11:44:31+00:00\",\"author\":{\"@id\":\"https:\/\/www.penacerrada-urizaharra.eus\/#\/schema\/person\/fe1f5cb4e53761d6c52df044d2d8d3af\"},\"breadcrumb\":{\"@id\":\"https:\/\/www.penacerrada-urizaharra.eus\/eu\/convocatoria-pleno-martes-dia-14-de-mayo-a-las-1900-horas\/#breadcrumb\"},\"inLanguage\":\"eu-ES\",\"potentialAction\":[{\"@type\":\"ReadAction\",\"target\":[\"https:\/\/www.penacerrada-urizaharra.eus\/eu\/convocatoria-pleno-martes-dia-14-de-mayo-a-las-1900-horas\/\"]}]},{\"@type\":\"ImageObject\",\"inLanguage\":\"eu-ES\",\"@id\":\"https:\/\/www.penacerrada-urizaharra.eus\/eu\/convocatoria-pleno-martes-dia-14-de-mayo-a-las-1900-horas\/#primaryimage\",\"url\":\"https:\/\/www.penacerrada-urizaharra.eus\/wp-content\/uploads\/2022\/06\/icono-noticia-escudo.gif\",\"contentUrl\":\"https:\/\/www.penacerrada-urizaharra.eus\/wp-content\/uploads\/2022\/06\/icono-noticia-escudo.gif\",\"width\":500,\"height\":500},{\"@type\":\"BreadcrumbList\",\"@id\":\"https:\/\/www.penacerrada-urizaharra.eus\/eu\/convocatoria-pleno-martes-dia-14-de-mayo-a-las-1900-horas\/#breadcrumb\",\"itemListElement\":[{\"@type\":\"ListItem\",\"position\":1,\"name\":\"Portada\",\"item\":\"https:\/\/www.penacerrada-urizaharra.eus\/eu\/\"},{\"@type\":\"ListItem\",\"position\":2,\"name\":\"CONVOCATORIA PLENO (MARTES, d\u00eda 14 de MAYO a las 19:00 horas)\"}]},{\"@type\":\"WebSite\",\"@id\":\"https:\/\/www.penacerrada-urizaharra.eus\/#website\",\"url\":\"https:\/\/www.penacerrada-urizaharra.eus\/\",\"name\":\"Ayuntamiento de Pe\u00f1acerrada-Urizaharra\",\"description\":\"\",\"potentialAction\":[{\"@type\":\"SearchAction\",\"target\":{\"@type\":\"EntryPoint\",\"urlTemplate\":\"https:\/\/www.penacerrada-urizaharra.eus\/?s={search_term_string}\"},\"query-input\":{\"@type\":\"PropertyValueSpecification\",\"valueRequired\":true,\"valueName\":\"search_term_string\"}}],\"inLanguage\":\"eu-ES\"},{\"@type\":\"Person\",\"@id\":\"https:\/\/www.penacerrada-urizaharra.eus\/#\/schema\/person\/fe1f5cb4e53761d6c52df044d2d8d3af\",\"name\":\"Ayuntamiento de Pe\u00f1acerrada-Urizaharra\",\"url\":\"https:\/\/www.penacerrada-urizaharra.eus\/eu\/author\/penurambar\/\"}]}<\/script>\n<!-- \/ Yoast SEO plugin. -->","yoast_head_json":{"title":"CONVOCATORIA PLENO (MARTES, d\u00eda 14 de MAYO a las 19:00 horas) - Ayuntamiento de Pe\u00f1acerrada-Urizaharra","robots":{"index":"index","follow":"follow","max-snippet":"max-snippet:-1","max-image-preview":"max-image-preview:large","max-video-preview":"max-video-preview:-1"},"canonical":"https:\/\/www.penacerrada-urizaharra.eus\/eu\/convocatoria-pleno-martes-dia-14-de-mayo-a-las-1900-horas\/","og_locale":"eu_ES","og_type":"article","og_title":"CONVOCATORIA PLENO (MARTES, d\u00eda 14 de MAYO a las 19:00 horas) - Ayuntamiento de Pe\u00f1acerrada-Urizaharra","og_description":"D\u00cdA: 14 DE MAYO DE 2024 HORA: 19:00 LUGAR: Sal\u00f3n de Sesiones SESI\u00d3N: Ordinaria &nbsp; Por Resoluci\u00f3n de Alcald\u00eda n\u00ba XX\/2024 de fecha 9 de MAYO, se ha convocado Sesi\u00f3n Ordinaria del Pleno Municipal, que se celebrar\u00e1 el pr\u00f3ximo MARTES, d\u00eda 14 de MAYO a las 19:00 horas, y que, seg\u00fan lo previsto en el [&hellip;]","og_url":"https:\/\/www.penacerrada-urizaharra.eus\/eu\/convocatoria-pleno-martes-dia-14-de-mayo-a-las-1900-horas\/","og_site_name":"Ayuntamiento de Pe\u00f1acerrada-Urizaharra","article_published_time":"2024-05-13T11:44:31+00:00","author":"Ayuntamiento de Pe\u00f1acerrada-Urizaharra","twitter_card":"summary_large_image","twitter_misc":{"Written by":"Ayuntamiento de Pe\u00f1acerrada-Urizaharra","Est. reading time":"1 minute"},"schema":{"@context":"https:\/\/schema.org","@graph":[{"@type":"WebPage","@id":"https:\/\/www.penacerrada-urizaharra.eus\/eu\/convocatoria-pleno-martes-dia-14-de-mayo-a-las-1900-horas\/","url":"https:\/\/www.penacerrada-urizaharra.eus\/eu\/convocatoria-pleno-martes-dia-14-de-mayo-a-las-1900-horas\/","name":"CONVOCATORIA PLENO (MARTES, d\u00eda 14 de MAYO a las 19:00 horas) - Ayuntamiento de Pe\u00f1acerrada-Urizaharra","isPartOf":{"@id":"https:\/\/www.penacerrada-urizaharra.eus\/#website"},"primaryImageOfPage":{"@id":"https:\/\/www.penacerrada-urizaharra.eus\/eu\/convocatoria-pleno-martes-dia-14-de-mayo-a-las-1900-horas\/#primaryimage"},"image":{"@id":"https:\/\/www.penacerrada-urizaharra.eus\/eu\/convocatoria-pleno-martes-dia-14-de-mayo-a-las-1900-horas\/#primaryimage"},"thumbnailUrl":"https:\/\/www.penacerrada-urizaharra.eus\/wp-content\/uploads\/2022\/06\/icono-noticia-escudo.gif","datePublished":"2024-05-13T11:44:31+00:00","author":{"@id":"https:\/\/www.penacerrada-urizaharra.eus\/#\/schema\/person\/fe1f5cb4e53761d6c52df044d2d8d3af"},"breadcrumb":{"@id":"https:\/\/www.penacerrada-urizaharra.eus\/eu\/convocatoria-pleno-martes-dia-14-de-mayo-a-las-1900-horas\/#breadcrumb"},"inLanguage":"eu-ES","potentialAction":[{"@type":"ReadAction","target":["https:\/\/www.penacerrada-urizaharra.eus\/eu\/convocatoria-pleno-martes-dia-14-de-mayo-a-las-1900-horas\/"]}]},{"@type":"ImageObject","inLanguage":"eu-ES","@id":"https:\/\/www.penacerrada-urizaharra.eus\/eu\/convocatoria-pleno-martes-dia-14-de-mayo-a-las-1900-horas\/#primaryimage","url":"https:\/\/www.penacerrada-urizaharra.eus\/wp-content\/uploads\/2022\/06\/icono-noticia-escudo.gif","contentUrl":"https:\/\/www.penacerrada-urizaharra.eus\/wp-content\/uploads\/2022\/06\/icono-noticia-escudo.gif","width":500,"height":500},{"@type":"BreadcrumbList","@id":"https:\/\/www.penacerrada-urizaharra.eus\/eu\/convocatoria-pleno-martes-dia-14-de-mayo-a-las-1900-horas\/#breadcrumb","itemListElement":[{"@type":"ListItem","position":1,"name":"Portada","item":"https:\/\/www.penacerrada-urizaharra.eus\/eu\/"},{"@type":"ListItem","position":2,"name":"CONVOCATORIA PLENO (MARTES, d\u00eda 14 de MAYO a las 19:00 horas)"}]},{"@type":"WebSite","@id":"https:\/\/www.penacerrada-urizaharra.eus\/#website","url":"https:\/\/www.penacerrada-urizaharra.eus\/","name":"Ayuntamiento de Pe\u00f1acerrada-Urizaharra","description":"","potentialAction":[{"@type":"SearchAction","target":{"@type":"EntryPoint","urlTemplate":"https:\/\/www.penacerrada-urizaharra.eus\/?s={search_term_string}"},"query-input":{"@type":"PropertyValueSpecification","valueRequired":true,"valueName":"search_term_string"}}],"inLanguage":"eu-ES"},{"@type":"Person","@id":"https:\/\/www.penacerrada-urizaharra.eus\/#\/schema\/person\/fe1f5cb4e53761d6c52df044d2d8d3af","name":"Ayuntamiento de Pe\u00f1acerrada-Urizaharra","url":"https:\/\/www.penacerrada-urizaharra.eus\/eu\/author\/penurambar\/"}]}},"_links":{"self":[{"href":"https:\/\/www.penacerrada-urizaharra.eus\/eu\/wp-json\/wp\/v2\/posts\/6067","targetHints":{"allow":["GET"]}}],"collection":[{"href":"https:\/\/www.penacerrada-urizaharra.eus\/eu\/wp-json\/wp\/v2\/posts"}],"about":[{"href":"https:\/\/www.penacerrada-urizaharra.eus\/eu\/wp-json\/wp\/v2\/types\/post"}],"author":[{"embeddable":true,"href":"https:\/\/www.penacerrada-urizaharra.eus\/eu\/wp-json\/wp\/v2\/users\/1"}],"replies":[{"embeddable":true,"href":"https:\/\/www.penacerrada-urizaharra.eus\/eu\/wp-json\/wp\/v2\/comments?post=6067"}],"version-history":[{"count":0,"href":"https:\/\/www.penacerrada-urizaharra.eus\/eu\/wp-json\/wp\/v2\/posts\/6067\/revisions"}],"wp:featuredmedia":[{"embeddable":true,"href":"https:\/\/www.penacerrada-urizaharra.eus\/eu\/wp-json\/wp\/v2\/media\/4726"}],"wp:attachment":[{"href":"https:\/\/www.penacerrada-urizaharra.eus\/eu\/wp-json\/wp\/v2\/media?parent=6067"}],"wp:term":[{"taxonomy":"category","embeddable":true,"href":"https:\/\/www.penacerrada-urizaharra.eus\/eu\/wp-json\/wp\/v2\/categories?post=6067"},{"taxonomy":"post_tag","embeddable":true,"href":"https:\/\/www.penacerrada-urizaharra.eus\/eu\/wp-json\/wp\/v2\/tags?post=6067"}],"curies":[{"name":"wp","href":"https:\/\/api.w.org\/{rel}","templated":true}]}}