{"id":5579,"date":"2023-10-08T05:16:39","date_gmt":"2023-10-08T03:16:39","guid":{"rendered":"https:\/\/www.penacerrada-urizaharra.eus\/convocatoria-sesion-ordinaria-de-pleno-5-de-octubre-%c2%b7-1900\/"},"modified":"2023-10-08T05:16:39","modified_gmt":"2023-10-08T03:16:39","slug":"convocatoria-sesion-ordinaria-de-pleno-5-de-octubre-%c2%b7-1900","status":"publish","type":"post","link":"https:\/\/www.penacerrada-urizaharra.eus\/eu\/convocatoria-sesion-ordinaria-de-pleno-5-de-octubre-%c2%b7-1900\/","title":{"rendered":"CONVOCATORIA SESI\u00d3N ORDINARIA DE PLENO (5 de octubre \u00b7 19:00)"},"content":{"rendered":"<ul>\n<li>D\u00cdA: 10 DE OCTUBRE DE 2023<\/li>\n<li>HORA: 19:00<\/li>\n<li>LUGAR: Sal\u00f3n de Sesiones<\/li>\n<li>SESI\u00d3N: Ordinaria<\/li>\n<\/ul>\n<p>Por Resoluci\u00f3n de Alcald\u00eda n\u00ba 115\/2023 de fecha 5 de OCTUBRE, se ha convocado Sesi\u00f3n Ordinaria del Pleno Municipal, que se celebrar\u00e1 el pr\u00f3ximo MARTES, d\u00eda 10 de OCTUBRE a las 19:00 horas, y que, seg\u00fan lo previsto en el art\u00edculo 80 del Reglamento de Organizaci\u00f3n, Funcionamiento y R\u00e9gimen Jur\u00eddico de las Entidades Locales aprobado por Real Decreto 2568\/1986, de 28 de noviembre, tendr\u00e1 el siguiente,<\/p>\n<p>ORDEN DEL D\u00cdA<\/p>\n<p>PRIMERO.- Lectura y aprobaci\u00f3n, si procede, de las actas de las sesiones plenarias celebradas con fecha 17 de junio, 23 de junio, 4 de julio de organizaci\u00f3n, 4 de julio y 27 de julio de 2023.<\/p>\n<p>SEGUNDO.- Daci\u00f3n de cuentas de las Resoluciones de Alcald\u00eda dictadas desde la celebraci\u00f3n de la \u00faltima sesi\u00f3n ordinaria de pleno.<\/p>\n<p>TERCERO.- Concesi\u00f3n de subvenciones nominativas dirigidas a las Juntas Administrativas del municipio. Aprobaci\u00f3n del convenio regulador.<\/p>\n<p>CUARTO.- Aprobaci\u00f3n de expediente de contrataci\u00f3n de la Limpieza de edificios de propiedad municipal.<\/p>\n<p>QUINTO.- Autorizaci\u00f3n de cesi\u00f3n del contrato del arrendamiento de la gesti\u00f3n del edificio multiusos de titularidad municipal y sus anexos.<\/p>\n<p>SEXTO.- Modificaci\u00f3n de varias ordenanzas fiscales de impuestos.<\/p>\n<p>S\u00c9PTIMO.- Modificaci\u00f3n de la Ordenanza reguladora del aprovechamiento pasc\u00edcola de los montes p\u00fablicos de propiedad del Ayuntamiento de Pe\u00f1acerrada-Urizaharra \u2013 \u201cMUP n\u00ba 199 Montes Altos o Tolo\u00f1o, n\u00ba 188 Monte de la Comunidad de Las Rasas, n\u00ba 189 Monte de Concejo, n\u00ba 196 Monte de Herrera y n\u00ba 198 Monte de Mendilucia.<\/p>\n<p>OCTAVO.- Modificaci\u00f3n Ordenanza reguladora de tasas por prestaci\u00f3n de servicios p\u00fablicos y realizaci\u00f3n de actividades administrativas.<\/p>\n<p>NOVENO.- Aprobaci\u00f3n de la OOrdenanzrdenanzaa reguladora dereguladora de tasastasas por por lala utilizaci\u00f3nutilizaci\u00f3n privativaprivativa o elo el aprovechamientoaprovechamiento especialespecial del dominio p\u00fablicodel dominio p\u00fablico municipalmunicipal.<\/p>\n<p>D\u00c9CIMO.- Estado de ejecuci\u00f3n presupuestaria a 30 de junio de 2023.<\/p>\n<p>D\u00c9CIMOPRIMERO.- Ruegos y preguntas<\/p>\n<p style=\"text-align: right;\">En Pe\u00f1acerrada-Urizaharra (Araba-\u00c1lava), a 5 de OCTUBRE de 2023.<br \/>\nEl Secretario,<br \/>\nFdo.: I\u00f1aki Joseba Prusilla Mu\u00f1oz.<\/p>\n","protected":false},"excerpt":{"rendered":"<p>D\u00cdA: 10 DE OCTUBRE DE 2023 HORA: 19:00 LUGAR: Sal\u00f3n de Sesiones SESI\u00d3N: Ordinaria Por Resoluci\u00f3n de Alcald\u00eda n\u00ba 115\/2023 de fecha 5 de OCTUBRE, se ha convocado Sesi\u00f3n Ordinaria del Pleno Municipal, que se celebrar\u00e1 el pr\u00f3ximo MARTES, d\u00eda 10 de OCTUBRE a las 19:00 horas, y que, seg\u00fan lo previsto en el art\u00edculo [&hellip;]<\/p>\n","protected":false},"author":1,"featured_media":4726,"comment_status":"closed","ping_status":"open","sticky":false,"template":"","format":"standard","meta":{"footnotes":""},"categories":[18],"tags":[],"class_list":["post-5579","post","type-post","status-publish","format-standard","has-post-thumbnail","hentry","category-berriak"],"yoast_head":"<!-- This site is optimized with the Yoast SEO plugin v26.6 - https:\/\/yoast.com\/wordpress\/plugins\/seo\/ -->\n<title>CONVOCATORIA SESI\u00d3N ORDINARIA DE PLENO (5 de octubre \u00b7 19:00) - Ayuntamiento de Pe\u00f1acerrada-Urizaharra<\/title>\n<meta name=\"robots\" content=\"index, follow, max-snippet:-1, max-image-preview:large, max-video-preview:-1\" \/>\n<link rel=\"canonical\" href=\"https:\/\/www.penacerrada-urizaharra.eus\/eu\/convocatoria-sesion-ordinaria-de-pleno-5-de-octubre-\u00b7-1900\/\" \/>\n<meta property=\"og:locale\" content=\"eu_ES\" \/>\n<meta property=\"og:type\" content=\"article\" \/>\n<meta property=\"og:title\" content=\"CONVOCATORIA SESI\u00d3N ORDINARIA DE PLENO (5 de octubre \u00b7 19:00) - Ayuntamiento de Pe\u00f1acerrada-Urizaharra\" \/>\n<meta property=\"og:description\" content=\"D\u00cdA: 10 DE OCTUBRE DE 2023 HORA: 19:00 LUGAR: Sal\u00f3n de Sesiones SESI\u00d3N: Ordinaria Por Resoluci\u00f3n de Alcald\u00eda n\u00ba 115\/2023 de fecha 5 de OCTUBRE, se ha convocado Sesi\u00f3n Ordinaria del Pleno Municipal, que se celebrar\u00e1 el pr\u00f3ximo MARTES, d\u00eda 10 de OCTUBRE a las 19:00 horas, y que, seg\u00fan lo previsto en el art\u00edculo [&hellip;]\" \/>\n<meta property=\"og:url\" content=\"https:\/\/www.penacerrada-urizaharra.eus\/eu\/convocatoria-sesion-ordinaria-de-pleno-5-de-octubre-\u00b7-1900\/\" \/>\n<meta property=\"og:site_name\" content=\"Ayuntamiento de Pe\u00f1acerrada-Urizaharra\" \/>\n<meta property=\"article:published_time\" content=\"2023-10-08T03:16:39+00:00\" \/>\n<meta name=\"author\" content=\"Ayuntamiento de Pe\u00f1acerrada-Urizaharra\" \/>\n<meta name=\"twitter:card\" content=\"summary_large_image\" \/>\n<meta name=\"twitter:label1\" content=\"Written by\" \/>\n\t<meta name=\"twitter:data1\" content=\"Ayuntamiento de Pe\u00f1acerrada-Urizaharra\" \/>\n\t<meta name=\"twitter:label2\" content=\"Est. reading time\" \/>\n\t<meta name=\"twitter:data2\" content=\"2 minutes\" \/>\n<script type=\"application\/ld+json\" class=\"yoast-schema-graph\">{\"@context\":\"https:\/\/schema.org\",\"@graph\":[{\"@type\":\"WebPage\",\"@id\":\"https:\/\/www.penacerrada-urizaharra.eus\/eu\/convocatoria-sesion-ordinaria-de-pleno-5-de-octubre-%c2%b7-1900\/\",\"url\":\"https:\/\/www.penacerrada-urizaharra.eus\/eu\/convocatoria-sesion-ordinaria-de-pleno-5-de-octubre-%c2%b7-1900\/\",\"name\":\"CONVOCATORIA SESI\u00d3N ORDINARIA DE PLENO (5 de octubre \u00b7 19:00) - Ayuntamiento de Pe\u00f1acerrada-Urizaharra\",\"isPartOf\":{\"@id\":\"https:\/\/www.penacerrada-urizaharra.eus\/#website\"},\"primaryImageOfPage\":{\"@id\":\"https:\/\/www.penacerrada-urizaharra.eus\/eu\/convocatoria-sesion-ordinaria-de-pleno-5-de-octubre-%c2%b7-1900\/#primaryimage\"},\"image\":{\"@id\":\"https:\/\/www.penacerrada-urizaharra.eus\/eu\/convocatoria-sesion-ordinaria-de-pleno-5-de-octubre-%c2%b7-1900\/#primaryimage\"},\"thumbnailUrl\":\"https:\/\/www.penacerrada-urizaharra.eus\/wp-content\/uploads\/2022\/06\/icono-noticia-escudo.gif\",\"datePublished\":\"2023-10-08T03:16:39+00:00\",\"author\":{\"@id\":\"https:\/\/www.penacerrada-urizaharra.eus\/#\/schema\/person\/fe1f5cb4e53761d6c52df044d2d8d3af\"},\"breadcrumb\":{\"@id\":\"https:\/\/www.penacerrada-urizaharra.eus\/eu\/convocatoria-sesion-ordinaria-de-pleno-5-de-octubre-%c2%b7-1900\/#breadcrumb\"},\"inLanguage\":\"eu-ES\",\"potentialAction\":[{\"@type\":\"ReadAction\",\"target\":[\"https:\/\/www.penacerrada-urizaharra.eus\/eu\/convocatoria-sesion-ordinaria-de-pleno-5-de-octubre-%c2%b7-1900\/\"]}]},{\"@type\":\"ImageObject\",\"inLanguage\":\"eu-ES\",\"@id\":\"https:\/\/www.penacerrada-urizaharra.eus\/eu\/convocatoria-sesion-ordinaria-de-pleno-5-de-octubre-%c2%b7-1900\/#primaryimage\",\"url\":\"https:\/\/www.penacerrada-urizaharra.eus\/wp-content\/uploads\/2022\/06\/icono-noticia-escudo.gif\",\"contentUrl\":\"https:\/\/www.penacerrada-urizaharra.eus\/wp-content\/uploads\/2022\/06\/icono-noticia-escudo.gif\",\"width\":500,\"height\":500},{\"@type\":\"BreadcrumbList\",\"@id\":\"https:\/\/www.penacerrada-urizaharra.eus\/eu\/convocatoria-sesion-ordinaria-de-pleno-5-de-octubre-%c2%b7-1900\/#breadcrumb\",\"itemListElement\":[{\"@type\":\"ListItem\",\"position\":1,\"name\":\"Portada\",\"item\":\"https:\/\/www.penacerrada-urizaharra.eus\/eu\/\"},{\"@type\":\"ListItem\",\"position\":2,\"name\":\"CONVOCATORIA SESI\u00d3N ORDINARIA DE PLENO (5 de octubre \u00b7 19:00)\"}]},{\"@type\":\"WebSite\",\"@id\":\"https:\/\/www.penacerrada-urizaharra.eus\/#website\",\"url\":\"https:\/\/www.penacerrada-urizaharra.eus\/\",\"name\":\"Ayuntamiento de Pe\u00f1acerrada-Urizaharra\",\"description\":\"\",\"potentialAction\":[{\"@type\":\"SearchAction\",\"target\":{\"@type\":\"EntryPoint\",\"urlTemplate\":\"https:\/\/www.penacerrada-urizaharra.eus\/?s={search_term_string}\"},\"query-input\":{\"@type\":\"PropertyValueSpecification\",\"valueRequired\":true,\"valueName\":\"search_term_string\"}}],\"inLanguage\":\"eu-ES\"},{\"@type\":\"Person\",\"@id\":\"https:\/\/www.penacerrada-urizaharra.eus\/#\/schema\/person\/fe1f5cb4e53761d6c52df044d2d8d3af\",\"name\":\"Ayuntamiento de Pe\u00f1acerrada-Urizaharra\",\"url\":\"https:\/\/www.penacerrada-urizaharra.eus\/eu\/author\/penurambar\/\"}]}<\/script>\n<!-- \/ Yoast SEO plugin. -->","yoast_head_json":{"title":"CONVOCATORIA SESI\u00d3N ORDINARIA DE PLENO (5 de octubre \u00b7 19:00) - Ayuntamiento de Pe\u00f1acerrada-Urizaharra","robots":{"index":"index","follow":"follow","max-snippet":"max-snippet:-1","max-image-preview":"max-image-preview:large","max-video-preview":"max-video-preview:-1"},"canonical":"https:\/\/www.penacerrada-urizaharra.eus\/eu\/convocatoria-sesion-ordinaria-de-pleno-5-de-octubre-\u00b7-1900\/","og_locale":"eu_ES","og_type":"article","og_title":"CONVOCATORIA SESI\u00d3N ORDINARIA DE PLENO (5 de octubre \u00b7 19:00) - Ayuntamiento de Pe\u00f1acerrada-Urizaharra","og_description":"D\u00cdA: 10 DE OCTUBRE DE 2023 HORA: 19:00 LUGAR: Sal\u00f3n de Sesiones SESI\u00d3N: Ordinaria Por Resoluci\u00f3n de Alcald\u00eda n\u00ba 115\/2023 de fecha 5 de OCTUBRE, se ha convocado Sesi\u00f3n Ordinaria del Pleno Municipal, que se celebrar\u00e1 el pr\u00f3ximo MARTES, d\u00eda 10 de OCTUBRE a las 19:00 horas, y que, seg\u00fan lo previsto en el art\u00edculo [&hellip;]","og_url":"https:\/\/www.penacerrada-urizaharra.eus\/eu\/convocatoria-sesion-ordinaria-de-pleno-5-de-octubre-\u00b7-1900\/","og_site_name":"Ayuntamiento de Pe\u00f1acerrada-Urizaharra","article_published_time":"2023-10-08T03:16:39+00:00","author":"Ayuntamiento de Pe\u00f1acerrada-Urizaharra","twitter_card":"summary_large_image","twitter_misc":{"Written by":"Ayuntamiento de Pe\u00f1acerrada-Urizaharra","Est. reading time":"2 minutes"},"schema":{"@context":"https:\/\/schema.org","@graph":[{"@type":"WebPage","@id":"https:\/\/www.penacerrada-urizaharra.eus\/eu\/convocatoria-sesion-ordinaria-de-pleno-5-de-octubre-%c2%b7-1900\/","url":"https:\/\/www.penacerrada-urizaharra.eus\/eu\/convocatoria-sesion-ordinaria-de-pleno-5-de-octubre-%c2%b7-1900\/","name":"CONVOCATORIA SESI\u00d3N ORDINARIA DE PLENO (5 de octubre \u00b7 19:00) - Ayuntamiento de Pe\u00f1acerrada-Urizaharra","isPartOf":{"@id":"https:\/\/www.penacerrada-urizaharra.eus\/#website"},"primaryImageOfPage":{"@id":"https:\/\/www.penacerrada-urizaharra.eus\/eu\/convocatoria-sesion-ordinaria-de-pleno-5-de-octubre-%c2%b7-1900\/#primaryimage"},"image":{"@id":"https:\/\/www.penacerrada-urizaharra.eus\/eu\/convocatoria-sesion-ordinaria-de-pleno-5-de-octubre-%c2%b7-1900\/#primaryimage"},"thumbnailUrl":"https:\/\/www.penacerrada-urizaharra.eus\/wp-content\/uploads\/2022\/06\/icono-noticia-escudo.gif","datePublished":"2023-10-08T03:16:39+00:00","author":{"@id":"https:\/\/www.penacerrada-urizaharra.eus\/#\/schema\/person\/fe1f5cb4e53761d6c52df044d2d8d3af"},"breadcrumb":{"@id":"https:\/\/www.penacerrada-urizaharra.eus\/eu\/convocatoria-sesion-ordinaria-de-pleno-5-de-octubre-%c2%b7-1900\/#breadcrumb"},"inLanguage":"eu-ES","potentialAction":[{"@type":"ReadAction","target":["https:\/\/www.penacerrada-urizaharra.eus\/eu\/convocatoria-sesion-ordinaria-de-pleno-5-de-octubre-%c2%b7-1900\/"]}]},{"@type":"ImageObject","inLanguage":"eu-ES","@id":"https:\/\/www.penacerrada-urizaharra.eus\/eu\/convocatoria-sesion-ordinaria-de-pleno-5-de-octubre-%c2%b7-1900\/#primaryimage","url":"https:\/\/www.penacerrada-urizaharra.eus\/wp-content\/uploads\/2022\/06\/icono-noticia-escudo.gif","contentUrl":"https:\/\/www.penacerrada-urizaharra.eus\/wp-content\/uploads\/2022\/06\/icono-noticia-escudo.gif","width":500,"height":500},{"@type":"BreadcrumbList","@id":"https:\/\/www.penacerrada-urizaharra.eus\/eu\/convocatoria-sesion-ordinaria-de-pleno-5-de-octubre-%c2%b7-1900\/#breadcrumb","itemListElement":[{"@type":"ListItem","position":1,"name":"Portada","item":"https:\/\/www.penacerrada-urizaharra.eus\/eu\/"},{"@type":"ListItem","position":2,"name":"CONVOCATORIA SESI\u00d3N ORDINARIA DE PLENO (5 de octubre \u00b7 19:00)"}]},{"@type":"WebSite","@id":"https:\/\/www.penacerrada-urizaharra.eus\/#website","url":"https:\/\/www.penacerrada-urizaharra.eus\/","name":"Ayuntamiento de Pe\u00f1acerrada-Urizaharra","description":"","potentialAction":[{"@type":"SearchAction","target":{"@type":"EntryPoint","urlTemplate":"https:\/\/www.penacerrada-urizaharra.eus\/?s={search_term_string}"},"query-input":{"@type":"PropertyValueSpecification","valueRequired":true,"valueName":"search_term_string"}}],"inLanguage":"eu-ES"},{"@type":"Person","@id":"https:\/\/www.penacerrada-urizaharra.eus\/#\/schema\/person\/fe1f5cb4e53761d6c52df044d2d8d3af","name":"Ayuntamiento de Pe\u00f1acerrada-Urizaharra","url":"https:\/\/www.penacerrada-urizaharra.eus\/eu\/author\/penurambar\/"}]}},"_links":{"self":[{"href":"https:\/\/www.penacerrada-urizaharra.eus\/eu\/wp-json\/wp\/v2\/posts\/5579","targetHints":{"allow":["GET"]}}],"collection":[{"href":"https:\/\/www.penacerrada-urizaharra.eus\/eu\/wp-json\/wp\/v2\/posts"}],"about":[{"href":"https:\/\/www.penacerrada-urizaharra.eus\/eu\/wp-json\/wp\/v2\/types\/post"}],"author":[{"embeddable":true,"href":"https:\/\/www.penacerrada-urizaharra.eus\/eu\/wp-json\/wp\/v2\/users\/1"}],"replies":[{"embeddable":true,"href":"https:\/\/www.penacerrada-urizaharra.eus\/eu\/wp-json\/wp\/v2\/comments?post=5579"}],"version-history":[{"count":0,"href":"https:\/\/www.penacerrada-urizaharra.eus\/eu\/wp-json\/wp\/v2\/posts\/5579\/revisions"}],"wp:featuredmedia":[{"embeddable":true,"href":"https:\/\/www.penacerrada-urizaharra.eus\/eu\/wp-json\/wp\/v2\/media\/4726"}],"wp:attachment":[{"href":"https:\/\/www.penacerrada-urizaharra.eus\/eu\/wp-json\/wp\/v2\/media?parent=5579"}],"wp:term":[{"taxonomy":"category","embeddable":true,"href":"https:\/\/www.penacerrada-urizaharra.eus\/eu\/wp-json\/wp\/v2\/categories?post=5579"},{"taxonomy":"post_tag","embeddable":true,"href":"https:\/\/www.penacerrada-urizaharra.eus\/eu\/wp-json\/wp\/v2\/tags?post=5579"}],"curies":[{"name":"wp","href":"https:\/\/api.w.org\/{rel}","templated":true}]}}