{"id":5389,"date":"2023-05-24T09:58:42","date_gmt":"2023-05-24T07:58:42","guid":{"rendered":"https:\/\/www.penacerrada-urizaharra.eus\/convocatoria-sesion-extraordinaria-de-pleno-25-de-mayo-de-2023\/"},"modified":"2023-05-24T09:58:42","modified_gmt":"2023-05-24T07:58:42","slug":"convocatoria-sesion-extraordinaria-de-pleno-25-de-mayo-de-2023","status":"publish","type":"post","link":"https:\/\/www.penacerrada-urizaharra.eus\/eu\/convocatoria-sesion-extraordinaria-de-pleno-25-de-mayo-de-2023\/","title":{"rendered":"CONVOCATORIA SESI\u00d3N EXTRAORDINARIA DE PLENO (25 DE MAYO DE 2023)"},"content":{"rendered":"<ul>\n<li>D\u00cdA: 25 DE MAYO DE 2023<\/li>\n<li>HORA: 19:15<\/li>\n<li>LUGAR: Sal\u00f3n de Sesiones<\/li>\n<li>SESI\u00d3N: Extraordinaria<\/li>\n<\/ul>\n<p>Por Resoluci\u00f3n de Alcald\u00eda n\u00ba 48\/2023 de fecha 22 de MAYO, se ha convocado Sesi\u00f3n Extraordinaria del Pleno Municipal, que se celebrar\u00e1 el pr\u00f3ximo MARTES, d\u00eda 25 de mayo a las 19:15 horas, y que, seg\u00fan lo previsto en el art\u00edculo 80 del Reglamento de Organizaci\u00f3n, Funcionamiento y R\u00e9gimen Jur\u00eddico de las Entidades Locales aprobado por Real Decreto 2568\/1986, de 28 de noviembre, tendr\u00e1 el siguiente,<\/p>\n<p>ORDEN DEL D\u00cdA<\/p>\n<p>\u00daNICO.- Aprobaci\u00f3n provisional del Plan General de Ordenaci\u00f3n Urbana y documento de Evaluaci\u00f3n Ambiental Estrat\u00e9gica del Municipio de Pe\u00f1acerrada-Urizaharra.<\/p>\n<p style=\"text-align: right;\">En Pe\u00f1acerrada-Urizaharra (Araba-\u00c1lava), a 22 de mayol de 2023.<br \/>\nEl Secretario,<br \/>\nFdo.: I\u00f1aki Joseba Prusilla Mu\u00f1oz.<\/p>\n<p>&nbsp;<\/p>\n","protected":false},"excerpt":{"rendered":"<p>D\u00cdA: 25 DE MAYO DE 2023 HORA: 19:15 LUGAR: Sal\u00f3n de Sesiones SESI\u00d3N: Extraordinaria Por Resoluci\u00f3n de Alcald\u00eda n\u00ba 48\/2023 de fecha 22 de MAYO, se ha convocado Sesi\u00f3n Extraordinaria del Pleno Municipal, que se celebrar\u00e1 el pr\u00f3ximo MARTES, d\u00eda 25 de mayo a las 19:15 horas, y que, seg\u00fan lo previsto en el art\u00edculo [&hellip;]<\/p>\n","protected":false},"author":1,"featured_media":4726,"comment_status":"closed","ping_status":"open","sticky":false,"template":"","format":"standard","meta":{"footnotes":""},"categories":[18],"tags":[],"class_list":["post-5389","post","type-post","status-publish","format-standard","has-post-thumbnail","hentry","category-berriak"],"yoast_head":"<!-- This site is optimized with the Yoast SEO plugin v26.6 - https:\/\/yoast.com\/wordpress\/plugins\/seo\/ -->\n<title>CONVOCATORIA SESI\u00d3N EXTRAORDINARIA DE PLENO (25 DE MAYO DE 2023) - Ayuntamiento de Pe\u00f1acerrada-Urizaharra<\/title>\n<meta name=\"robots\" content=\"index, follow, max-snippet:-1, max-image-preview:large, max-video-preview:-1\" \/>\n<link rel=\"canonical\" href=\"https:\/\/www.penacerrada-urizaharra.eus\/eu\/convocatoria-sesion-extraordinaria-de-pleno-25-de-mayo-de-2023\/\" \/>\n<meta property=\"og:locale\" content=\"eu_ES\" \/>\n<meta property=\"og:type\" content=\"article\" \/>\n<meta property=\"og:title\" content=\"CONVOCATORIA SESI\u00d3N EXTRAORDINARIA DE PLENO (25 DE MAYO DE 2023) - Ayuntamiento de Pe\u00f1acerrada-Urizaharra\" \/>\n<meta property=\"og:description\" content=\"D\u00cdA: 25 DE MAYO DE 2023 HORA: 19:15 LUGAR: Sal\u00f3n de Sesiones SESI\u00d3N: Extraordinaria Por Resoluci\u00f3n de Alcald\u00eda n\u00ba 48\/2023 de fecha 22 de MAYO, se ha convocado Sesi\u00f3n Extraordinaria del Pleno Municipal, que se celebrar\u00e1 el pr\u00f3ximo MARTES, d\u00eda 25 de mayo a las 19:15 horas, y que, seg\u00fan lo previsto en el art\u00edculo [&hellip;]\" \/>\n<meta property=\"og:url\" content=\"https:\/\/www.penacerrada-urizaharra.eus\/eu\/convocatoria-sesion-extraordinaria-de-pleno-25-de-mayo-de-2023\/\" \/>\n<meta property=\"og:site_name\" content=\"Ayuntamiento de Pe\u00f1acerrada-Urizaharra\" \/>\n<meta property=\"article:published_time\" content=\"2023-05-24T07:58:42+00:00\" \/>\n<meta name=\"author\" content=\"Ayuntamiento de Pe\u00f1acerrada-Urizaharra\" \/>\n<meta name=\"twitter:card\" content=\"summary_large_image\" \/>\n<meta name=\"twitter:label1\" content=\"Written by\" \/>\n\t<meta name=\"twitter:data1\" content=\"Ayuntamiento de Pe\u00f1acerrada-Urizaharra\" \/>\n\t<meta name=\"twitter:label2\" content=\"Est. reading time\" \/>\n\t<meta name=\"twitter:data2\" content=\"1 minute\" \/>\n<script type=\"application\/ld+json\" class=\"yoast-schema-graph\">{\"@context\":\"https:\/\/schema.org\",\"@graph\":[{\"@type\":\"WebPage\",\"@id\":\"https:\/\/www.penacerrada-urizaharra.eus\/eu\/convocatoria-sesion-extraordinaria-de-pleno-25-de-mayo-de-2023\/\",\"url\":\"https:\/\/www.penacerrada-urizaharra.eus\/eu\/convocatoria-sesion-extraordinaria-de-pleno-25-de-mayo-de-2023\/\",\"name\":\"CONVOCATORIA SESI\u00d3N EXTRAORDINARIA DE PLENO (25 DE MAYO DE 2023) - Ayuntamiento de Pe\u00f1acerrada-Urizaharra\",\"isPartOf\":{\"@id\":\"https:\/\/www.penacerrada-urizaharra.eus\/#website\"},\"primaryImageOfPage\":{\"@id\":\"https:\/\/www.penacerrada-urizaharra.eus\/eu\/convocatoria-sesion-extraordinaria-de-pleno-25-de-mayo-de-2023\/#primaryimage\"},\"image\":{\"@id\":\"https:\/\/www.penacerrada-urizaharra.eus\/eu\/convocatoria-sesion-extraordinaria-de-pleno-25-de-mayo-de-2023\/#primaryimage\"},\"thumbnailUrl\":\"https:\/\/www.penacerrada-urizaharra.eus\/wp-content\/uploads\/2022\/06\/icono-noticia-escudo.gif\",\"datePublished\":\"2023-05-24T07:58:42+00:00\",\"author\":{\"@id\":\"https:\/\/www.penacerrada-urizaharra.eus\/#\/schema\/person\/fe1f5cb4e53761d6c52df044d2d8d3af\"},\"breadcrumb\":{\"@id\":\"https:\/\/www.penacerrada-urizaharra.eus\/eu\/convocatoria-sesion-extraordinaria-de-pleno-25-de-mayo-de-2023\/#breadcrumb\"},\"inLanguage\":\"eu-ES\",\"potentialAction\":[{\"@type\":\"ReadAction\",\"target\":[\"https:\/\/www.penacerrada-urizaharra.eus\/eu\/convocatoria-sesion-extraordinaria-de-pleno-25-de-mayo-de-2023\/\"]}]},{\"@type\":\"ImageObject\",\"inLanguage\":\"eu-ES\",\"@id\":\"https:\/\/www.penacerrada-urizaharra.eus\/eu\/convocatoria-sesion-extraordinaria-de-pleno-25-de-mayo-de-2023\/#primaryimage\",\"url\":\"https:\/\/www.penacerrada-urizaharra.eus\/wp-content\/uploads\/2022\/06\/icono-noticia-escudo.gif\",\"contentUrl\":\"https:\/\/www.penacerrada-urizaharra.eus\/wp-content\/uploads\/2022\/06\/icono-noticia-escudo.gif\",\"width\":500,\"height\":500},{\"@type\":\"BreadcrumbList\",\"@id\":\"https:\/\/www.penacerrada-urizaharra.eus\/eu\/convocatoria-sesion-extraordinaria-de-pleno-25-de-mayo-de-2023\/#breadcrumb\",\"itemListElement\":[{\"@type\":\"ListItem\",\"position\":1,\"name\":\"Portada\",\"item\":\"https:\/\/www.penacerrada-urizaharra.eus\/eu\/\"},{\"@type\":\"ListItem\",\"position\":2,\"name\":\"CONVOCATORIA SESI\u00d3N EXTRAORDINARIA DE PLENO (25 DE MAYO DE 2023)\"}]},{\"@type\":\"WebSite\",\"@id\":\"https:\/\/www.penacerrada-urizaharra.eus\/#website\",\"url\":\"https:\/\/www.penacerrada-urizaharra.eus\/\",\"name\":\"Ayuntamiento de Pe\u00f1acerrada-Urizaharra\",\"description\":\"\",\"potentialAction\":[{\"@type\":\"SearchAction\",\"target\":{\"@type\":\"EntryPoint\",\"urlTemplate\":\"https:\/\/www.penacerrada-urizaharra.eus\/?s={search_term_string}\"},\"query-input\":{\"@type\":\"PropertyValueSpecification\",\"valueRequired\":true,\"valueName\":\"search_term_string\"}}],\"inLanguage\":\"eu-ES\"},{\"@type\":\"Person\",\"@id\":\"https:\/\/www.penacerrada-urizaharra.eus\/#\/schema\/person\/fe1f5cb4e53761d6c52df044d2d8d3af\",\"name\":\"Ayuntamiento de Pe\u00f1acerrada-Urizaharra\",\"url\":\"https:\/\/www.penacerrada-urizaharra.eus\/eu\/author\/penurambar\/\"}]}<\/script>\n<!-- \/ Yoast SEO plugin. -->","yoast_head_json":{"title":"CONVOCATORIA SESI\u00d3N EXTRAORDINARIA DE PLENO (25 DE MAYO DE 2023) - Ayuntamiento de Pe\u00f1acerrada-Urizaharra","robots":{"index":"index","follow":"follow","max-snippet":"max-snippet:-1","max-image-preview":"max-image-preview:large","max-video-preview":"max-video-preview:-1"},"canonical":"https:\/\/www.penacerrada-urizaharra.eus\/eu\/convocatoria-sesion-extraordinaria-de-pleno-25-de-mayo-de-2023\/","og_locale":"eu_ES","og_type":"article","og_title":"CONVOCATORIA SESI\u00d3N EXTRAORDINARIA DE PLENO (25 DE MAYO DE 2023) - Ayuntamiento de Pe\u00f1acerrada-Urizaharra","og_description":"D\u00cdA: 25 DE MAYO DE 2023 HORA: 19:15 LUGAR: Sal\u00f3n de Sesiones SESI\u00d3N: Extraordinaria Por Resoluci\u00f3n de Alcald\u00eda n\u00ba 48\/2023 de fecha 22 de MAYO, se ha convocado Sesi\u00f3n Extraordinaria del Pleno Municipal, que se celebrar\u00e1 el pr\u00f3ximo MARTES, d\u00eda 25 de mayo a las 19:15 horas, y que, seg\u00fan lo previsto en el art\u00edculo [&hellip;]","og_url":"https:\/\/www.penacerrada-urizaharra.eus\/eu\/convocatoria-sesion-extraordinaria-de-pleno-25-de-mayo-de-2023\/","og_site_name":"Ayuntamiento de Pe\u00f1acerrada-Urizaharra","article_published_time":"2023-05-24T07:58:42+00:00","author":"Ayuntamiento de Pe\u00f1acerrada-Urizaharra","twitter_card":"summary_large_image","twitter_misc":{"Written by":"Ayuntamiento de Pe\u00f1acerrada-Urizaharra","Est. reading time":"1 minute"},"schema":{"@context":"https:\/\/schema.org","@graph":[{"@type":"WebPage","@id":"https:\/\/www.penacerrada-urizaharra.eus\/eu\/convocatoria-sesion-extraordinaria-de-pleno-25-de-mayo-de-2023\/","url":"https:\/\/www.penacerrada-urizaharra.eus\/eu\/convocatoria-sesion-extraordinaria-de-pleno-25-de-mayo-de-2023\/","name":"CONVOCATORIA SESI\u00d3N EXTRAORDINARIA DE PLENO (25 DE MAYO DE 2023) - Ayuntamiento de Pe\u00f1acerrada-Urizaharra","isPartOf":{"@id":"https:\/\/www.penacerrada-urizaharra.eus\/#website"},"primaryImageOfPage":{"@id":"https:\/\/www.penacerrada-urizaharra.eus\/eu\/convocatoria-sesion-extraordinaria-de-pleno-25-de-mayo-de-2023\/#primaryimage"},"image":{"@id":"https:\/\/www.penacerrada-urizaharra.eus\/eu\/convocatoria-sesion-extraordinaria-de-pleno-25-de-mayo-de-2023\/#primaryimage"},"thumbnailUrl":"https:\/\/www.penacerrada-urizaharra.eus\/wp-content\/uploads\/2022\/06\/icono-noticia-escudo.gif","datePublished":"2023-05-24T07:58:42+00:00","author":{"@id":"https:\/\/www.penacerrada-urizaharra.eus\/#\/schema\/person\/fe1f5cb4e53761d6c52df044d2d8d3af"},"breadcrumb":{"@id":"https:\/\/www.penacerrada-urizaharra.eus\/eu\/convocatoria-sesion-extraordinaria-de-pleno-25-de-mayo-de-2023\/#breadcrumb"},"inLanguage":"eu-ES","potentialAction":[{"@type":"ReadAction","target":["https:\/\/www.penacerrada-urizaharra.eus\/eu\/convocatoria-sesion-extraordinaria-de-pleno-25-de-mayo-de-2023\/"]}]},{"@type":"ImageObject","inLanguage":"eu-ES","@id":"https:\/\/www.penacerrada-urizaharra.eus\/eu\/convocatoria-sesion-extraordinaria-de-pleno-25-de-mayo-de-2023\/#primaryimage","url":"https:\/\/www.penacerrada-urizaharra.eus\/wp-content\/uploads\/2022\/06\/icono-noticia-escudo.gif","contentUrl":"https:\/\/www.penacerrada-urizaharra.eus\/wp-content\/uploads\/2022\/06\/icono-noticia-escudo.gif","width":500,"height":500},{"@type":"BreadcrumbList","@id":"https:\/\/www.penacerrada-urizaharra.eus\/eu\/convocatoria-sesion-extraordinaria-de-pleno-25-de-mayo-de-2023\/#breadcrumb","itemListElement":[{"@type":"ListItem","position":1,"name":"Portada","item":"https:\/\/www.penacerrada-urizaharra.eus\/eu\/"},{"@type":"ListItem","position":2,"name":"CONVOCATORIA SESI\u00d3N EXTRAORDINARIA DE PLENO (25 DE MAYO DE 2023)"}]},{"@type":"WebSite","@id":"https:\/\/www.penacerrada-urizaharra.eus\/#website","url":"https:\/\/www.penacerrada-urizaharra.eus\/","name":"Ayuntamiento de Pe\u00f1acerrada-Urizaharra","description":"","potentialAction":[{"@type":"SearchAction","target":{"@type":"EntryPoint","urlTemplate":"https:\/\/www.penacerrada-urizaharra.eus\/?s={search_term_string}"},"query-input":{"@type":"PropertyValueSpecification","valueRequired":true,"valueName":"search_term_string"}}],"inLanguage":"eu-ES"},{"@type":"Person","@id":"https:\/\/www.penacerrada-urizaharra.eus\/#\/schema\/person\/fe1f5cb4e53761d6c52df044d2d8d3af","name":"Ayuntamiento de Pe\u00f1acerrada-Urizaharra","url":"https:\/\/www.penacerrada-urizaharra.eus\/eu\/author\/penurambar\/"}]}},"_links":{"self":[{"href":"https:\/\/www.penacerrada-urizaharra.eus\/eu\/wp-json\/wp\/v2\/posts\/5389","targetHints":{"allow":["GET"]}}],"collection":[{"href":"https:\/\/www.penacerrada-urizaharra.eus\/eu\/wp-json\/wp\/v2\/posts"}],"about":[{"href":"https:\/\/www.penacerrada-urizaharra.eus\/eu\/wp-json\/wp\/v2\/types\/post"}],"author":[{"embeddable":true,"href":"https:\/\/www.penacerrada-urizaharra.eus\/eu\/wp-json\/wp\/v2\/users\/1"}],"replies":[{"embeddable":true,"href":"https:\/\/www.penacerrada-urizaharra.eus\/eu\/wp-json\/wp\/v2\/comments?post=5389"}],"version-history":[{"count":0,"href":"https:\/\/www.penacerrada-urizaharra.eus\/eu\/wp-json\/wp\/v2\/posts\/5389\/revisions"}],"wp:featuredmedia":[{"embeddable":true,"href":"https:\/\/www.penacerrada-urizaharra.eus\/eu\/wp-json\/wp\/v2\/media\/4726"}],"wp:attachment":[{"href":"https:\/\/www.penacerrada-urizaharra.eus\/eu\/wp-json\/wp\/v2\/media?parent=5389"}],"wp:term":[{"taxonomy":"category","embeddable":true,"href":"https:\/\/www.penacerrada-urizaharra.eus\/eu\/wp-json\/wp\/v2\/categories?post=5389"},{"taxonomy":"post_tag","embeddable":true,"href":"https:\/\/www.penacerrada-urizaharra.eus\/eu\/wp-json\/wp\/v2\/tags?post=5389"}],"curies":[{"name":"wp","href":"https:\/\/api.w.org\/{rel}","templated":true}]}}