{"id":4813,"date":"2022-07-22T10:40:03","date_gmt":"2022-07-22T08:40:03","guid":{"rendered":"https:\/\/www.penacerrada-urizaharra.eus\/concurso-del-arrendamiento-de-la-gestion-de-edificio-multiservicios-de-titularidad-municipal-y-sus-anexos\/"},"modified":"2022-07-22T10:41:57","modified_gmt":"2022-07-22T08:41:57","slug":"udal-titulartasuneko-zerbitzu-anitzeko-eraikinaren-eta-haren-atxikitakoen-kudeaketa-alokatzearen-lehiaketa","status":"publish","type":"post","link":"https:\/\/www.penacerrada-urizaharra.eus\/eu\/udal-titulartasuneko-zerbitzu-anitzeko-eraikinaren-eta-haren-atxikitakoen-kudeaketa-alokatzearen-lehiaketa\/","title":{"rendered":"Udal-titulartasuneko zerbitzu anitzeko eraikinaren eta haren atxikitakoen kudeaketa alokatzearen lehiaketa"},"content":{"rendered":"<ul>\n<li><a href=\"https:\/\/www.penacerrada-urizaharra.eus\/wp-content\/uploads\/2022\/07\/2022_085_02118_E.pdf\" target=\"_blank\" rel=\"noopener\">Udal-titulartasuneko zerbitzu anitzeko eraikinaren eta haren atxikitakoen kudeaketa alokatzea (ALHAO, 2022ko uztailaren 22a, ostirala \u2022 85 zk.)<\/a><\/li>\n<li><a href=\"https:\/\/www.penacerrada-urizaharra.eus\/wp-content\/uploads\/2022\/07\/PLIEGO-CONDICIONES-ADMINISTRATIVAS-EDIFICIO-MULTISERVICIOS.pdf\" target=\"_blank\" rel=\"noopener\">PLIEGO DE CONDICIONES ADMINISTRATIVAS QUE RIGE LA ADJUDICACI\u00d3N MEDIANTE CONCURSO DEL ARRENDAMIENTO DE LA GESTI\u00d3N DE EDIFICIO MULTISERVICIOS DE TITULARIDAD MUNICIPAL Y SUS ANEXOS<\/a><\/li>\n<li><a href=\"https:\/\/www.penacerrada-urizaharra.eus\/wp-content\/uploads\/2022\/07\/PLIEGO-PRESCRIPCIONES-TECNICAS-EDIFICIO-MULTISERVICIOS.pdf\" target=\"_blank\" rel=\"noopener\">PLIEGO DE PRESCRIPCIONES T\u00c9CNICAS QUE HAN DE REGIR EL CONTRATO DE ARRENDAMIENTO DE LA GESTI\u00d3N DEL EDIFICIO MULTISERVICIOS DE TITULARIDAD MUNICIPAL Y SUS ANEXOS<\/a><\/li>\n<\/ul>\n","protected":false},"excerpt":{"rendered":"<p>Udal-titulartasuneko zerbitzu anitzeko eraikinaren eta haren atxikitakoen kudeaketa alokatzea (ALHAO, 2022ko uztailaren 22a, ostirala \u2022 85 zk.) PLIEGO DE CONDICIONES ADMINISTRATIVAS QUE RIGE LA ADJUDICACI\u00d3N MEDIANTE CONCURSO DEL ARRENDAMIENTO DE LA GESTI\u00d3N DE EDIFICIO MULTISERVICIOS DE TITULARIDAD MUNICIPAL Y SUS ANEXOS PLIEGO DE PRESCRIPCIONES T\u00c9CNICAS QUE HAN DE REGIR EL CONTRATO DE ARRENDAMIENTO DE LA [&hellip;]<\/p>\n","protected":false},"author":1,"featured_media":4726,"comment_status":"closed","ping_status":"open","sticky":false,"template":"","format":"standard","meta":{"footnotes":""},"categories":[18],"tags":[],"class_list":["post-4813","post","type-post","status-publish","format-standard","has-post-thumbnail","hentry","category-berriak"],"yoast_head":"<!-- This site is optimized with the Yoast SEO plugin v26.6 - https:\/\/yoast.com\/wordpress\/plugins\/seo\/ -->\n<title>Udal-titulartasuneko zerbitzu anitzeko eraikinaren eta haren atxikitakoen kudeaketa alokatzearen lehiaketa - Ayuntamiento de Pe\u00f1acerrada-Urizaharra<\/title>\n<meta name=\"robots\" content=\"index, follow, max-snippet:-1, max-image-preview:large, max-video-preview:-1\" \/>\n<link rel=\"canonical\" href=\"https:\/\/www.penacerrada-urizaharra.eus\/eu\/udal-titulartasuneko-zerbitzu-anitzeko-eraikinaren-eta-haren-atxikitakoen-kudeaketa-alokatzearen-lehiaketa\/\" \/>\n<meta property=\"og:locale\" content=\"eu_ES\" \/>\n<meta property=\"og:type\" content=\"article\" \/>\n<meta property=\"og:title\" content=\"Udal-titulartasuneko zerbitzu anitzeko eraikinaren eta haren atxikitakoen kudeaketa alokatzearen lehiaketa - Ayuntamiento de Pe\u00f1acerrada-Urizaharra\" \/>\n<meta property=\"og:description\" content=\"Udal-titulartasuneko zerbitzu anitzeko eraikinaren eta haren atxikitakoen kudeaketa alokatzea (ALHAO, 2022ko uztailaren 22a, ostirala \u2022 85 zk.) PLIEGO DE CONDICIONES ADMINISTRATIVAS QUE RIGE LA ADJUDICACI\u00d3N MEDIANTE CONCURSO DEL ARRENDAMIENTO DE LA GESTI\u00d3N DE EDIFICIO MULTISERVICIOS DE TITULARIDAD MUNICIPAL Y SUS ANEXOS PLIEGO DE PRESCRIPCIONES T\u00c9CNICAS QUE HAN DE REGIR EL CONTRATO DE ARRENDAMIENTO DE LA [&hellip;]\" \/>\n<meta property=\"og:url\" content=\"https:\/\/www.penacerrada-urizaharra.eus\/eu\/udal-titulartasuneko-zerbitzu-anitzeko-eraikinaren-eta-haren-atxikitakoen-kudeaketa-alokatzearen-lehiaketa\/\" \/>\n<meta property=\"og:site_name\" content=\"Ayuntamiento de Pe\u00f1acerrada-Urizaharra\" \/>\n<meta property=\"article:published_time\" content=\"2022-07-22T08:40:03+00:00\" \/>\n<meta property=\"article:modified_time\" content=\"2022-07-22T08:41:57+00:00\" \/>\n<meta property=\"og:image\" content=\"https:\/\/www.penacerrada-urizaharra.eus\/wp-content\/uploads\/2022\/06\/icono-noticia-escudo.gif\" \/>\n\t<meta property=\"og:image:width\" content=\"500\" \/>\n\t<meta property=\"og:image:height\" content=\"500\" \/>\n\t<meta property=\"og:image:type\" content=\"image\/gif\" \/>\n<meta name=\"author\" content=\"Ayuntamiento de Pe\u00f1acerrada-Urizaharra\" \/>\n<meta name=\"twitter:card\" content=\"summary_large_image\" \/>\n<meta name=\"twitter:label1\" content=\"Written by\" \/>\n\t<meta name=\"twitter:data1\" content=\"Ayuntamiento de Pe\u00f1acerrada-Urizaharra\" \/>\n\t<meta name=\"twitter:label2\" content=\"Est. reading time\" \/>\n\t<meta name=\"twitter:data2\" content=\"1 minute\" \/>\n<script type=\"application\/ld+json\" class=\"yoast-schema-graph\">{\"@context\":\"https:\/\/schema.org\",\"@graph\":[{\"@type\":\"WebPage\",\"@id\":\"https:\/\/www.penacerrada-urizaharra.eus\/eu\/udal-titulartasuneko-zerbitzu-anitzeko-eraikinaren-eta-haren-atxikitakoen-kudeaketa-alokatzearen-lehiaketa\/\",\"url\":\"https:\/\/www.penacerrada-urizaharra.eus\/eu\/udal-titulartasuneko-zerbitzu-anitzeko-eraikinaren-eta-haren-atxikitakoen-kudeaketa-alokatzearen-lehiaketa\/\",\"name\":\"Udal-titulartasuneko zerbitzu anitzeko eraikinaren eta haren atxikitakoen kudeaketa alokatzearen lehiaketa - Ayuntamiento de Pe\u00f1acerrada-Urizaharra\",\"isPartOf\":{\"@id\":\"https:\/\/www.penacerrada-urizaharra.eus\/#website\"},\"primaryImageOfPage\":{\"@id\":\"https:\/\/www.penacerrada-urizaharra.eus\/eu\/udal-titulartasuneko-zerbitzu-anitzeko-eraikinaren-eta-haren-atxikitakoen-kudeaketa-alokatzearen-lehiaketa\/#primaryimage\"},\"image\":{\"@id\":\"https:\/\/www.penacerrada-urizaharra.eus\/eu\/udal-titulartasuneko-zerbitzu-anitzeko-eraikinaren-eta-haren-atxikitakoen-kudeaketa-alokatzearen-lehiaketa\/#primaryimage\"},\"thumbnailUrl\":\"https:\/\/www.penacerrada-urizaharra.eus\/wp-content\/uploads\/2022\/06\/icono-noticia-escudo.gif\",\"datePublished\":\"2022-07-22T08:40:03+00:00\",\"dateModified\":\"2022-07-22T08:41:57+00:00\",\"author\":{\"@id\":\"https:\/\/www.penacerrada-urizaharra.eus\/#\/schema\/person\/fe1f5cb4e53761d6c52df044d2d8d3af\"},\"breadcrumb\":{\"@id\":\"https:\/\/www.penacerrada-urizaharra.eus\/eu\/udal-titulartasuneko-zerbitzu-anitzeko-eraikinaren-eta-haren-atxikitakoen-kudeaketa-alokatzearen-lehiaketa\/#breadcrumb\"},\"inLanguage\":\"eu-ES\",\"potentialAction\":[{\"@type\":\"ReadAction\",\"target\":[\"https:\/\/www.penacerrada-urizaharra.eus\/eu\/udal-titulartasuneko-zerbitzu-anitzeko-eraikinaren-eta-haren-atxikitakoen-kudeaketa-alokatzearen-lehiaketa\/\"]}]},{\"@type\":\"ImageObject\",\"inLanguage\":\"eu-ES\",\"@id\":\"https:\/\/www.penacerrada-urizaharra.eus\/eu\/udal-titulartasuneko-zerbitzu-anitzeko-eraikinaren-eta-haren-atxikitakoen-kudeaketa-alokatzearen-lehiaketa\/#primaryimage\",\"url\":\"https:\/\/www.penacerrada-urizaharra.eus\/wp-content\/uploads\/2022\/06\/icono-noticia-escudo.gif\",\"contentUrl\":\"https:\/\/www.penacerrada-urizaharra.eus\/wp-content\/uploads\/2022\/06\/icono-noticia-escudo.gif\",\"width\":500,\"height\":500},{\"@type\":\"BreadcrumbList\",\"@id\":\"https:\/\/www.penacerrada-urizaharra.eus\/eu\/udal-titulartasuneko-zerbitzu-anitzeko-eraikinaren-eta-haren-atxikitakoen-kudeaketa-alokatzearen-lehiaketa\/#breadcrumb\",\"itemListElement\":[{\"@type\":\"ListItem\",\"position\":1,\"name\":\"Portada\",\"item\":\"https:\/\/www.penacerrada-urizaharra.eus\/eu\/\"},{\"@type\":\"ListItem\",\"position\":2,\"name\":\"Udal-titulartasuneko zerbitzu anitzeko eraikinaren eta haren atxikitakoen kudeaketa alokatzearen lehiaketa\"}]},{\"@type\":\"WebSite\",\"@id\":\"https:\/\/www.penacerrada-urizaharra.eus\/#website\",\"url\":\"https:\/\/www.penacerrada-urizaharra.eus\/\",\"name\":\"Ayuntamiento de Pe\u00f1acerrada-Urizaharra\",\"description\":\"\",\"potentialAction\":[{\"@type\":\"SearchAction\",\"target\":{\"@type\":\"EntryPoint\",\"urlTemplate\":\"https:\/\/www.penacerrada-urizaharra.eus\/?s={search_term_string}\"},\"query-input\":{\"@type\":\"PropertyValueSpecification\",\"valueRequired\":true,\"valueName\":\"search_term_string\"}}],\"inLanguage\":\"eu-ES\"},{\"@type\":\"Person\",\"@id\":\"https:\/\/www.penacerrada-urizaharra.eus\/#\/schema\/person\/fe1f5cb4e53761d6c52df044d2d8d3af\",\"name\":\"Ayuntamiento de Pe\u00f1acerrada-Urizaharra\",\"url\":\"https:\/\/www.penacerrada-urizaharra.eus\/eu\/author\/penurambar\/\"}]}<\/script>\n<!-- \/ Yoast SEO plugin. -->","yoast_head_json":{"title":"Udal-titulartasuneko zerbitzu anitzeko eraikinaren eta haren atxikitakoen kudeaketa alokatzearen lehiaketa - Ayuntamiento de Pe\u00f1acerrada-Urizaharra","robots":{"index":"index","follow":"follow","max-snippet":"max-snippet:-1","max-image-preview":"max-image-preview:large","max-video-preview":"max-video-preview:-1"},"canonical":"https:\/\/www.penacerrada-urizaharra.eus\/eu\/udal-titulartasuneko-zerbitzu-anitzeko-eraikinaren-eta-haren-atxikitakoen-kudeaketa-alokatzearen-lehiaketa\/","og_locale":"eu_ES","og_type":"article","og_title":"Udal-titulartasuneko zerbitzu anitzeko eraikinaren eta haren atxikitakoen kudeaketa alokatzearen lehiaketa - Ayuntamiento de Pe\u00f1acerrada-Urizaharra","og_description":"Udal-titulartasuneko zerbitzu anitzeko eraikinaren eta haren atxikitakoen kudeaketa alokatzea (ALHAO, 2022ko uztailaren 22a, ostirala \u2022 85 zk.) PLIEGO DE CONDICIONES ADMINISTRATIVAS QUE RIGE LA ADJUDICACI\u00d3N MEDIANTE CONCURSO DEL ARRENDAMIENTO DE LA GESTI\u00d3N DE EDIFICIO MULTISERVICIOS DE TITULARIDAD MUNICIPAL Y SUS ANEXOS PLIEGO DE PRESCRIPCIONES T\u00c9CNICAS QUE HAN DE REGIR EL CONTRATO DE ARRENDAMIENTO DE LA [&hellip;]","og_url":"https:\/\/www.penacerrada-urizaharra.eus\/eu\/udal-titulartasuneko-zerbitzu-anitzeko-eraikinaren-eta-haren-atxikitakoen-kudeaketa-alokatzearen-lehiaketa\/","og_site_name":"Ayuntamiento de Pe\u00f1acerrada-Urizaharra","article_published_time":"2022-07-22T08:40:03+00:00","article_modified_time":"2022-07-22T08:41:57+00:00","og_image":[{"width":500,"height":500,"url":"https:\/\/www.penacerrada-urizaharra.eus\/wp-content\/uploads\/2022\/06\/icono-noticia-escudo.gif","type":"image\/gif"}],"author":"Ayuntamiento de Pe\u00f1acerrada-Urizaharra","twitter_card":"summary_large_image","twitter_misc":{"Written by":"Ayuntamiento de Pe\u00f1acerrada-Urizaharra","Est. reading time":"1 minute"},"schema":{"@context":"https:\/\/schema.org","@graph":[{"@type":"WebPage","@id":"https:\/\/www.penacerrada-urizaharra.eus\/eu\/udal-titulartasuneko-zerbitzu-anitzeko-eraikinaren-eta-haren-atxikitakoen-kudeaketa-alokatzearen-lehiaketa\/","url":"https:\/\/www.penacerrada-urizaharra.eus\/eu\/udal-titulartasuneko-zerbitzu-anitzeko-eraikinaren-eta-haren-atxikitakoen-kudeaketa-alokatzearen-lehiaketa\/","name":"Udal-titulartasuneko zerbitzu anitzeko eraikinaren eta haren atxikitakoen kudeaketa alokatzearen lehiaketa - Ayuntamiento de Pe\u00f1acerrada-Urizaharra","isPartOf":{"@id":"https:\/\/www.penacerrada-urizaharra.eus\/#website"},"primaryImageOfPage":{"@id":"https:\/\/www.penacerrada-urizaharra.eus\/eu\/udal-titulartasuneko-zerbitzu-anitzeko-eraikinaren-eta-haren-atxikitakoen-kudeaketa-alokatzearen-lehiaketa\/#primaryimage"},"image":{"@id":"https:\/\/www.penacerrada-urizaharra.eus\/eu\/udal-titulartasuneko-zerbitzu-anitzeko-eraikinaren-eta-haren-atxikitakoen-kudeaketa-alokatzearen-lehiaketa\/#primaryimage"},"thumbnailUrl":"https:\/\/www.penacerrada-urizaharra.eus\/wp-content\/uploads\/2022\/06\/icono-noticia-escudo.gif","datePublished":"2022-07-22T08:40:03+00:00","dateModified":"2022-07-22T08:41:57+00:00","author":{"@id":"https:\/\/www.penacerrada-urizaharra.eus\/#\/schema\/person\/fe1f5cb4e53761d6c52df044d2d8d3af"},"breadcrumb":{"@id":"https:\/\/www.penacerrada-urizaharra.eus\/eu\/udal-titulartasuneko-zerbitzu-anitzeko-eraikinaren-eta-haren-atxikitakoen-kudeaketa-alokatzearen-lehiaketa\/#breadcrumb"},"inLanguage":"eu-ES","potentialAction":[{"@type":"ReadAction","target":["https:\/\/www.penacerrada-urizaharra.eus\/eu\/udal-titulartasuneko-zerbitzu-anitzeko-eraikinaren-eta-haren-atxikitakoen-kudeaketa-alokatzearen-lehiaketa\/"]}]},{"@type":"ImageObject","inLanguage":"eu-ES","@id":"https:\/\/www.penacerrada-urizaharra.eus\/eu\/udal-titulartasuneko-zerbitzu-anitzeko-eraikinaren-eta-haren-atxikitakoen-kudeaketa-alokatzearen-lehiaketa\/#primaryimage","url":"https:\/\/www.penacerrada-urizaharra.eus\/wp-content\/uploads\/2022\/06\/icono-noticia-escudo.gif","contentUrl":"https:\/\/www.penacerrada-urizaharra.eus\/wp-content\/uploads\/2022\/06\/icono-noticia-escudo.gif","width":500,"height":500},{"@type":"BreadcrumbList","@id":"https:\/\/www.penacerrada-urizaharra.eus\/eu\/udal-titulartasuneko-zerbitzu-anitzeko-eraikinaren-eta-haren-atxikitakoen-kudeaketa-alokatzearen-lehiaketa\/#breadcrumb","itemListElement":[{"@type":"ListItem","position":1,"name":"Portada","item":"https:\/\/www.penacerrada-urizaharra.eus\/eu\/"},{"@type":"ListItem","position":2,"name":"Udal-titulartasuneko zerbitzu anitzeko eraikinaren eta haren atxikitakoen kudeaketa alokatzearen lehiaketa"}]},{"@type":"WebSite","@id":"https:\/\/www.penacerrada-urizaharra.eus\/#website","url":"https:\/\/www.penacerrada-urizaharra.eus\/","name":"Ayuntamiento de Pe\u00f1acerrada-Urizaharra","description":"","potentialAction":[{"@type":"SearchAction","target":{"@type":"EntryPoint","urlTemplate":"https:\/\/www.penacerrada-urizaharra.eus\/?s={search_term_string}"},"query-input":{"@type":"PropertyValueSpecification","valueRequired":true,"valueName":"search_term_string"}}],"inLanguage":"eu-ES"},{"@type":"Person","@id":"https:\/\/www.penacerrada-urizaharra.eus\/#\/schema\/person\/fe1f5cb4e53761d6c52df044d2d8d3af","name":"Ayuntamiento de Pe\u00f1acerrada-Urizaharra","url":"https:\/\/www.penacerrada-urizaharra.eus\/eu\/author\/penurambar\/"}]}},"_links":{"self":[{"href":"https:\/\/www.penacerrada-urizaharra.eus\/eu\/wp-json\/wp\/v2\/posts\/4813","targetHints":{"allow":["GET"]}}],"collection":[{"href":"https:\/\/www.penacerrada-urizaharra.eus\/eu\/wp-json\/wp\/v2\/posts"}],"about":[{"href":"https:\/\/www.penacerrada-urizaharra.eus\/eu\/wp-json\/wp\/v2\/types\/post"}],"author":[{"embeddable":true,"href":"https:\/\/www.penacerrada-urizaharra.eus\/eu\/wp-json\/wp\/v2\/users\/1"}],"replies":[{"embeddable":true,"href":"https:\/\/www.penacerrada-urizaharra.eus\/eu\/wp-json\/wp\/v2\/comments?post=4813"}],"version-history":[{"count":3,"href":"https:\/\/www.penacerrada-urizaharra.eus\/eu\/wp-json\/wp\/v2\/posts\/4813\/revisions"}],"predecessor-version":[{"id":4814,"href":"https:\/\/www.penacerrada-urizaharra.eus\/eu\/wp-json\/wp\/v2\/posts\/4813\/revisions\/4814"}],"wp:featuredmedia":[{"embeddable":true,"href":"https:\/\/www.penacerrada-urizaharra.eus\/eu\/wp-json\/wp\/v2\/media\/4726"}],"wp:attachment":[{"href":"https:\/\/www.penacerrada-urizaharra.eus\/eu\/wp-json\/wp\/v2\/media?parent=4813"}],"wp:term":[{"taxonomy":"category","embeddable":true,"href":"https:\/\/www.penacerrada-urizaharra.eus\/eu\/wp-json\/wp\/v2\/categories?post=4813"},{"taxonomy":"post_tag","embeddable":true,"href":"https:\/\/www.penacerrada-urizaharra.eus\/eu\/wp-json\/wp\/v2\/tags?post=4813"}],"curies":[{"name":"wp","href":"https:\/\/api.w.org\/{rel}","templated":true}]}}