{"id":4671,"date":"2022-05-10T18:47:54","date_gmt":"2022-05-10T16:47:54","guid":{"rendered":"https:\/\/www.penacerrada-urizaharra.eus\/convocatoria-sesion-ordinaria-de-pleno-10-de-mayo\/"},"modified":"2022-05-10T18:47:54","modified_gmt":"2022-05-10T16:47:54","slug":"convocatoria-sesion-ordinaria-de-pleno-10-de-mayo","status":"publish","type":"post","link":"https:\/\/www.penacerrada-urizaharra.eus\/eu\/convocatoria-sesion-ordinaria-de-pleno-10-de-mayo\/","title":{"rendered":"Convocatoria sesi\u00f3n ordinaria de pleno 10 de mayo  (19:00 horas)"},"content":{"rendered":"<p><strong>CONVOCATORIA SESI\u00d3N ORDINARIA DE PLENO<\/strong><\/p>\n<table>\n<tbody>\n<tr>\n<td width=\"286\"><strong>D\u00cdA:\u00a0\u00a0\u00a0\u00a0\u00a0\u00a0\u00a0 10 DE MAYO DE 2022<\/strong><\/td>\n<\/tr>\n<tr>\n<td width=\"286\"><strong>HORA:\u00a0\u00a0\u00a0\u00a0\u00a0\u00a0\u00a0\u00a0\u00a0\u00a0\u00a0\u00a0\u00a0\u00a0\u00a0\u00a0\u00a0\u00a0\u00a0 19:00<\/strong><\/td>\n<\/tr>\n<tr>\n<td width=\"286\"><strong>LUGAR:<\/strong><em>\u00a0\u00a0\u00a0\u00a0\u00a0\u00a0\u00a0\u00a0\u00a0 Sal\u00f3n de Sesiones<\/em><\/td>\n<\/tr>\n<tr>\n<td width=\"286\"><strong>SESI\u00d3N:<\/strong>\u00a0\u00a0\u00a0\u00a0\u00a0\u00a0\u00a0\u00a0\u00a0\u00a0\u00a0\u00a0\u00a0 <em>Ordinaria<\/em><\/td>\n<\/tr>\n<\/tbody>\n<\/table>\n<p>Por Resoluci\u00f3n de Alcald\u00eda n\u00ba 45\/2022 de fecha 5 de MAYO, se ha convocado <strong>Sesi\u00f3n Ordinaria del Pleno Municipal<\/strong>, que se celebrar\u00e1 <strong><u>el pr\u00f3ximo MARTES, d\u00eda 10 de MAYO a las 19:00 horas<\/u><\/strong>, y que, seg\u00fan lo previsto en el art\u00edculo 80 del Reglamento de Organizaci\u00f3n, Funcionamiento y R\u00e9gimen Jur\u00eddico de las Entidades Locales aprobado por Real Decreto 2568\/1986, de 28 de noviembre, tendr\u00e1 el siguiente,<\/p>\n<p><strong>ORDEN DEL D\u00cdA<\/strong><\/p>\n<p><strong>PRIMERO.-<\/strong> Lectura y aprobaci\u00f3n, si procede, del acta de las sesiones plenarias celebradas con fecha 8 de marzo y 12 de abril de 2022.<\/p>\n<p><strong>SEGUNDO.-<\/strong> Daci\u00f3n de cuentas de las Resoluciones de Alcald\u00eda dictadas desde la celebraci\u00f3n de la \u00faltima sesi\u00f3n ordinaria de pleno.<\/p>\n<p><strong>TERCERO.-<\/strong> Aprobaci\u00f3n de la certificaci\u00f3n n\u00fam. 5 y \u00faltima y su factura, correspondiente a las Obras de reforma de la Casa Consistorial de Pe\u00f1acerrada-Urizaharra.<\/p>\n<p><strong>CUARTO.-<\/strong> Concesi\u00f3n de subvenciones nominativas dirigidas a las Juntas Administrativas del municipio. Aprobaci\u00f3n del convenio regulador<strong>.<\/strong><\/p>\n<p><strong>QUINTO.-<\/strong> Aprobaci\u00f3n de expediente de modificaci\u00f3n presupuestaria. expediente de Transferencia de Cr\u00e9dito 1\/2022.<\/p>\n<p><strong>SEXTO.-<\/strong> <strong>.-<\/strong> Aprobaci\u00f3n del Convenio con la Excma. Diputaci\u00f3n Foral de \u00c1lava para la utilizaci\u00f3n por parte de Ayuntamiento de Pe\u00f1acerrada-Urizaharra del sistema inform\u00e1tico de gesti\u00f3n integral municipal y de otros entes locales que pone a su disposici\u00f3n la Diputaci\u00f3n Foral de \u00c1lava.<\/p>\n<p><strong>S\u00c9PTIMO.-<\/strong> Aprobaci\u00f3n de la Adhesion al acuerdo para el impulso de la acci\u00f3n local sostenible y la Agenda 2030 Local en Euskadi. Renovaci\u00f3n de Udalsarea 2030, Red Vasca de Municipios Sostenibles<\/p>\n<p><strong>OCTAVO.-<\/strong> Dar cuenta de la adjudicaci\u00f3n del contrato de Desbroce de los Caminos Catalogados del T\u00e9rmino municipal de Pe\u00f1acerrada-Urizaharra y propuesta de realizaci\u00f3n de otros trabajos de desbroce.<\/p>\n<p><strong>NOVENO.-<\/strong> Estado de ejecuci\u00f3n presupuestaria a 30 de marzo de 2022.<\/p>\n<p><strong>D\u00c9CIMO.-<\/strong> Correspondencia recibida.<\/p>\n<p><strong>UND\u00c9CIMO.-<\/strong> Ruegos y preguntas.<\/p>\n<p>&nbsp;<\/p>\n<p style=\"text-align: right;\">En Pe\u00f1acerrada-Urizaharra (Araba-\u00c1lava), a 5 de MAYO de 2022.<\/p>\n<p style=\"text-align: right;\">El Secretario,<\/p>\n<p style=\"text-align: right;\">Fdo.: I\u00f1aki Joseba Prusilla Mu\u00f1oz.<\/p>\n<p>&nbsp;<\/p>\n","protected":false},"excerpt":{"rendered":"<p>CONVOCATORIA SESI\u00d3N ORDINARIA DE PLENO D\u00cdA:\u00a0\u00a0\u00a0\u00a0\u00a0\u00a0\u00a0 10 DE MAYO DE 2022 HORA:\u00a0\u00a0\u00a0\u00a0\u00a0\u00a0\u00a0\u00a0\u00a0\u00a0\u00a0\u00a0\u00a0\u00a0\u00a0\u00a0\u00a0\u00a0\u00a0 19:00 LUGAR:\u00a0\u00a0\u00a0\u00a0\u00a0\u00a0\u00a0\u00a0\u00a0 Sal\u00f3n de Sesiones SESI\u00d3N:\u00a0\u00a0\u00a0\u00a0\u00a0\u00a0\u00a0\u00a0\u00a0\u00a0\u00a0\u00a0\u00a0 Ordinaria Por Resoluci\u00f3n de Alcald\u00eda n\u00ba 45\/2022 de fecha 5 de MAYO, se ha convocado Sesi\u00f3n Ordinaria del Pleno Municipal, que se celebrar\u00e1 el pr\u00f3ximo MARTES, d\u00eda 10 de MAYO a las 19:00 horas, y que, seg\u00fan [&hellip;]<\/p>\n","protected":false},"author":1,"featured_media":2954,"comment_status":"closed","ping_status":"open","sticky":false,"template":"","format":"standard","meta":{"footnotes":""},"categories":[18],"tags":[],"class_list":["post-4671","post","type-post","status-publish","format-standard","has-post-thumbnail","hentry","category-berriak"],"yoast_head":"<!-- This site is optimized with the Yoast SEO plugin v26.6 - https:\/\/yoast.com\/wordpress\/plugins\/seo\/ -->\n<title>Convocatoria sesi\u00f3n ordinaria de pleno 10 de mayo (19:00 horas) - Ayuntamiento de Pe\u00f1acerrada-Urizaharra<\/title>\n<meta name=\"robots\" content=\"index, follow, max-snippet:-1, max-image-preview:large, max-video-preview:-1\" \/>\n<link rel=\"canonical\" href=\"https:\/\/www.penacerrada-urizaharra.eus\/eu\/convocatoria-sesion-ordinaria-de-pleno-10-de-mayo\/\" \/>\n<meta property=\"og:locale\" content=\"eu_ES\" \/>\n<meta property=\"og:type\" content=\"article\" \/>\n<meta property=\"og:title\" content=\"Convocatoria sesi\u00f3n ordinaria de pleno 10 de mayo (19:00 horas) - Ayuntamiento de Pe\u00f1acerrada-Urizaharra\" \/>\n<meta property=\"og:description\" content=\"CONVOCATORIA SESI\u00d3N ORDINARIA DE PLENO D\u00cdA:\u00a0\u00a0\u00a0\u00a0\u00a0\u00a0\u00a0 10 DE MAYO DE 2022 HORA:\u00a0\u00a0\u00a0\u00a0\u00a0\u00a0\u00a0\u00a0\u00a0\u00a0\u00a0\u00a0\u00a0\u00a0\u00a0\u00a0\u00a0\u00a0\u00a0 19:00 LUGAR:\u00a0\u00a0\u00a0\u00a0\u00a0\u00a0\u00a0\u00a0\u00a0 Sal\u00f3n de Sesiones SESI\u00d3N:\u00a0\u00a0\u00a0\u00a0\u00a0\u00a0\u00a0\u00a0\u00a0\u00a0\u00a0\u00a0\u00a0 Ordinaria Por Resoluci\u00f3n de Alcald\u00eda n\u00ba 45\/2022 de fecha 5 de MAYO, se ha convocado Sesi\u00f3n Ordinaria del Pleno Municipal, que se celebrar\u00e1 el pr\u00f3ximo MARTES, d\u00eda 10 de MAYO a las 19:00 horas, y que, seg\u00fan [&hellip;]\" \/>\n<meta property=\"og:url\" content=\"https:\/\/www.penacerrada-urizaharra.eus\/eu\/convocatoria-sesion-ordinaria-de-pleno-10-de-mayo\/\" \/>\n<meta property=\"og:site_name\" content=\"Ayuntamiento de Pe\u00f1acerrada-Urizaharra\" \/>\n<meta property=\"article:published_time\" content=\"2022-05-10T16:47:54+00:00\" \/>\n<meta name=\"author\" content=\"Ayuntamiento de Pe\u00f1acerrada-Urizaharra\" \/>\n<meta name=\"twitter:card\" content=\"summary_large_image\" \/>\n<meta name=\"twitter:label1\" content=\"Written by\" \/>\n\t<meta name=\"twitter:data1\" content=\"Ayuntamiento de Pe\u00f1acerrada-Urizaharra\" \/>\n\t<meta name=\"twitter:label2\" content=\"Est. reading time\" \/>\n\t<meta name=\"twitter:data2\" content=\"2 minutes\" \/>\n<script type=\"application\/ld+json\" class=\"yoast-schema-graph\">{\"@context\":\"https:\/\/schema.org\",\"@graph\":[{\"@type\":\"WebPage\",\"@id\":\"https:\/\/www.penacerrada-urizaharra.eus\/eu\/convocatoria-sesion-ordinaria-de-pleno-10-de-mayo\/\",\"url\":\"https:\/\/www.penacerrada-urizaharra.eus\/eu\/convocatoria-sesion-ordinaria-de-pleno-10-de-mayo\/\",\"name\":\"Convocatoria sesi\u00f3n ordinaria de pleno 10 de mayo (19:00 horas) - Ayuntamiento de Pe\u00f1acerrada-Urizaharra\",\"isPartOf\":{\"@id\":\"https:\/\/www.penacerrada-urizaharra.eus\/#website\"},\"primaryImageOfPage\":{\"@id\":\"https:\/\/www.penacerrada-urizaharra.eus\/eu\/convocatoria-sesion-ordinaria-de-pleno-10-de-mayo\/#primaryimage\"},\"image\":{\"@id\":\"https:\/\/www.penacerrada-urizaharra.eus\/eu\/convocatoria-sesion-ordinaria-de-pleno-10-de-mayo\/#primaryimage\"},\"thumbnailUrl\":\"https:\/\/www.penacerrada-urizaharra.eus\/wp-content\/uploads\/2020\/03\/ayto-penacerrada-icon-04.png\",\"datePublished\":\"2022-05-10T16:47:54+00:00\",\"author\":{\"@id\":\"https:\/\/www.penacerrada-urizaharra.eus\/#\/schema\/person\/fe1f5cb4e53761d6c52df044d2d8d3af\"},\"breadcrumb\":{\"@id\":\"https:\/\/www.penacerrada-urizaharra.eus\/eu\/convocatoria-sesion-ordinaria-de-pleno-10-de-mayo\/#breadcrumb\"},\"inLanguage\":\"eu-ES\",\"potentialAction\":[{\"@type\":\"ReadAction\",\"target\":[\"https:\/\/www.penacerrada-urizaharra.eus\/eu\/convocatoria-sesion-ordinaria-de-pleno-10-de-mayo\/\"]}]},{\"@type\":\"ImageObject\",\"inLanguage\":\"eu-ES\",\"@id\":\"https:\/\/www.penacerrada-urizaharra.eus\/eu\/convocatoria-sesion-ordinaria-de-pleno-10-de-mayo\/#primaryimage\",\"url\":\"https:\/\/www.penacerrada-urizaharra.eus\/wp-content\/uploads\/2020\/03\/ayto-penacerrada-icon-04.png\",\"contentUrl\":\"https:\/\/www.penacerrada-urizaharra.eus\/wp-content\/uploads\/2020\/03\/ayto-penacerrada-icon-04.png\",\"width\":160,\"height\":160},{\"@type\":\"BreadcrumbList\",\"@id\":\"https:\/\/www.penacerrada-urizaharra.eus\/eu\/convocatoria-sesion-ordinaria-de-pleno-10-de-mayo\/#breadcrumb\",\"itemListElement\":[{\"@type\":\"ListItem\",\"position\":1,\"name\":\"Portada\",\"item\":\"https:\/\/www.penacerrada-urizaharra.eus\/eu\/\"},{\"@type\":\"ListItem\",\"position\":2,\"name\":\"Convocatoria sesi\u00f3n ordinaria de pleno 10 de mayo (19:00 horas)\"}]},{\"@type\":\"WebSite\",\"@id\":\"https:\/\/www.penacerrada-urizaharra.eus\/#website\",\"url\":\"https:\/\/www.penacerrada-urizaharra.eus\/\",\"name\":\"Ayuntamiento de Pe\u00f1acerrada-Urizaharra\",\"description\":\"\",\"potentialAction\":[{\"@type\":\"SearchAction\",\"target\":{\"@type\":\"EntryPoint\",\"urlTemplate\":\"https:\/\/www.penacerrada-urizaharra.eus\/?s={search_term_string}\"},\"query-input\":{\"@type\":\"PropertyValueSpecification\",\"valueRequired\":true,\"valueName\":\"search_term_string\"}}],\"inLanguage\":\"eu-ES\"},{\"@type\":\"Person\",\"@id\":\"https:\/\/www.penacerrada-urizaharra.eus\/#\/schema\/person\/fe1f5cb4e53761d6c52df044d2d8d3af\",\"name\":\"Ayuntamiento de Pe\u00f1acerrada-Urizaharra\",\"url\":\"https:\/\/www.penacerrada-urizaharra.eus\/eu\/author\/penurambar\/\"}]}<\/script>\n<!-- \/ Yoast SEO plugin. -->","yoast_head_json":{"title":"Convocatoria sesi\u00f3n ordinaria de pleno 10 de mayo (19:00 horas) - Ayuntamiento de Pe\u00f1acerrada-Urizaharra","robots":{"index":"index","follow":"follow","max-snippet":"max-snippet:-1","max-image-preview":"max-image-preview:large","max-video-preview":"max-video-preview:-1"},"canonical":"https:\/\/www.penacerrada-urizaharra.eus\/eu\/convocatoria-sesion-ordinaria-de-pleno-10-de-mayo\/","og_locale":"eu_ES","og_type":"article","og_title":"Convocatoria sesi\u00f3n ordinaria de pleno 10 de mayo (19:00 horas) - Ayuntamiento de Pe\u00f1acerrada-Urizaharra","og_description":"CONVOCATORIA SESI\u00d3N ORDINARIA DE PLENO D\u00cdA:\u00a0\u00a0\u00a0\u00a0\u00a0\u00a0\u00a0 10 DE MAYO DE 2022 HORA:\u00a0\u00a0\u00a0\u00a0\u00a0\u00a0\u00a0\u00a0\u00a0\u00a0\u00a0\u00a0\u00a0\u00a0\u00a0\u00a0\u00a0\u00a0\u00a0 19:00 LUGAR:\u00a0\u00a0\u00a0\u00a0\u00a0\u00a0\u00a0\u00a0\u00a0 Sal\u00f3n de Sesiones SESI\u00d3N:\u00a0\u00a0\u00a0\u00a0\u00a0\u00a0\u00a0\u00a0\u00a0\u00a0\u00a0\u00a0\u00a0 Ordinaria Por Resoluci\u00f3n de Alcald\u00eda n\u00ba 45\/2022 de fecha 5 de MAYO, se ha convocado Sesi\u00f3n Ordinaria del Pleno Municipal, que se celebrar\u00e1 el pr\u00f3ximo MARTES, d\u00eda 10 de MAYO a las 19:00 horas, y que, seg\u00fan [&hellip;]","og_url":"https:\/\/www.penacerrada-urizaharra.eus\/eu\/convocatoria-sesion-ordinaria-de-pleno-10-de-mayo\/","og_site_name":"Ayuntamiento de Pe\u00f1acerrada-Urizaharra","article_published_time":"2022-05-10T16:47:54+00:00","author":"Ayuntamiento de Pe\u00f1acerrada-Urizaharra","twitter_card":"summary_large_image","twitter_misc":{"Written by":"Ayuntamiento de Pe\u00f1acerrada-Urizaharra","Est. reading time":"2 minutes"},"schema":{"@context":"https:\/\/schema.org","@graph":[{"@type":"WebPage","@id":"https:\/\/www.penacerrada-urizaharra.eus\/eu\/convocatoria-sesion-ordinaria-de-pleno-10-de-mayo\/","url":"https:\/\/www.penacerrada-urizaharra.eus\/eu\/convocatoria-sesion-ordinaria-de-pleno-10-de-mayo\/","name":"Convocatoria sesi\u00f3n ordinaria de pleno 10 de mayo (19:00 horas) - Ayuntamiento de Pe\u00f1acerrada-Urizaharra","isPartOf":{"@id":"https:\/\/www.penacerrada-urizaharra.eus\/#website"},"primaryImageOfPage":{"@id":"https:\/\/www.penacerrada-urizaharra.eus\/eu\/convocatoria-sesion-ordinaria-de-pleno-10-de-mayo\/#primaryimage"},"image":{"@id":"https:\/\/www.penacerrada-urizaharra.eus\/eu\/convocatoria-sesion-ordinaria-de-pleno-10-de-mayo\/#primaryimage"},"thumbnailUrl":"https:\/\/www.penacerrada-urizaharra.eus\/wp-content\/uploads\/2020\/03\/ayto-penacerrada-icon-04.png","datePublished":"2022-05-10T16:47:54+00:00","author":{"@id":"https:\/\/www.penacerrada-urizaharra.eus\/#\/schema\/person\/fe1f5cb4e53761d6c52df044d2d8d3af"},"breadcrumb":{"@id":"https:\/\/www.penacerrada-urizaharra.eus\/eu\/convocatoria-sesion-ordinaria-de-pleno-10-de-mayo\/#breadcrumb"},"inLanguage":"eu-ES","potentialAction":[{"@type":"ReadAction","target":["https:\/\/www.penacerrada-urizaharra.eus\/eu\/convocatoria-sesion-ordinaria-de-pleno-10-de-mayo\/"]}]},{"@type":"ImageObject","inLanguage":"eu-ES","@id":"https:\/\/www.penacerrada-urizaharra.eus\/eu\/convocatoria-sesion-ordinaria-de-pleno-10-de-mayo\/#primaryimage","url":"https:\/\/www.penacerrada-urizaharra.eus\/wp-content\/uploads\/2020\/03\/ayto-penacerrada-icon-04.png","contentUrl":"https:\/\/www.penacerrada-urizaharra.eus\/wp-content\/uploads\/2020\/03\/ayto-penacerrada-icon-04.png","width":160,"height":160},{"@type":"BreadcrumbList","@id":"https:\/\/www.penacerrada-urizaharra.eus\/eu\/convocatoria-sesion-ordinaria-de-pleno-10-de-mayo\/#breadcrumb","itemListElement":[{"@type":"ListItem","position":1,"name":"Portada","item":"https:\/\/www.penacerrada-urizaharra.eus\/eu\/"},{"@type":"ListItem","position":2,"name":"Convocatoria sesi\u00f3n ordinaria de pleno 10 de mayo (19:00 horas)"}]},{"@type":"WebSite","@id":"https:\/\/www.penacerrada-urizaharra.eus\/#website","url":"https:\/\/www.penacerrada-urizaharra.eus\/","name":"Ayuntamiento de Pe\u00f1acerrada-Urizaharra","description":"","potentialAction":[{"@type":"SearchAction","target":{"@type":"EntryPoint","urlTemplate":"https:\/\/www.penacerrada-urizaharra.eus\/?s={search_term_string}"},"query-input":{"@type":"PropertyValueSpecification","valueRequired":true,"valueName":"search_term_string"}}],"inLanguage":"eu-ES"},{"@type":"Person","@id":"https:\/\/www.penacerrada-urizaharra.eus\/#\/schema\/person\/fe1f5cb4e53761d6c52df044d2d8d3af","name":"Ayuntamiento de Pe\u00f1acerrada-Urizaharra","url":"https:\/\/www.penacerrada-urizaharra.eus\/eu\/author\/penurambar\/"}]}},"_links":{"self":[{"href":"https:\/\/www.penacerrada-urizaharra.eus\/eu\/wp-json\/wp\/v2\/posts\/4671","targetHints":{"allow":["GET"]}}],"collection":[{"href":"https:\/\/www.penacerrada-urizaharra.eus\/eu\/wp-json\/wp\/v2\/posts"}],"about":[{"href":"https:\/\/www.penacerrada-urizaharra.eus\/eu\/wp-json\/wp\/v2\/types\/post"}],"author":[{"embeddable":true,"href":"https:\/\/www.penacerrada-urizaharra.eus\/eu\/wp-json\/wp\/v2\/users\/1"}],"replies":[{"embeddable":true,"href":"https:\/\/www.penacerrada-urizaharra.eus\/eu\/wp-json\/wp\/v2\/comments?post=4671"}],"version-history":[{"count":0,"href":"https:\/\/www.penacerrada-urizaharra.eus\/eu\/wp-json\/wp\/v2\/posts\/4671\/revisions"}],"wp:featuredmedia":[{"embeddable":true,"href":"https:\/\/www.penacerrada-urizaharra.eus\/eu\/wp-json\/wp\/v2\/media\/2954"}],"wp:attachment":[{"href":"https:\/\/www.penacerrada-urizaharra.eus\/eu\/wp-json\/wp\/v2\/media?parent=4671"}],"wp:term":[{"taxonomy":"category","embeddable":true,"href":"https:\/\/www.penacerrada-urizaharra.eus\/eu\/wp-json\/wp\/v2\/categories?post=4671"},{"taxonomy":"post_tag","embeddable":true,"href":"https:\/\/www.penacerrada-urizaharra.eus\/eu\/wp-json\/wp\/v2\/tags?post=4671"}],"curies":[{"name":"wp","href":"https:\/\/api.w.org\/{rel}","templated":true}]}}