{"id":4349,"date":"2021-12-10T16:40:38","date_gmt":"2021-12-10T15:40:38","guid":{"rendered":"https:\/\/www.penacerrada-urizaharra.eus\/mocion-pacto-social-vasco-para-la-migracion\/"},"modified":"2021-12-10T16:43:23","modified_gmt":"2021-12-10T15:43:23","slug":"mocion-pacto-social-vasco-para-la-migracion","status":"publish","type":"post","link":"https:\/\/www.penacerrada-urizaharra.eus\/eu\/mocion-pacto-social-vasco-para-la-migracion\/","title":{"rendered":"Moci\u00f3n pacto social vasco para la migraci\u00f3n"},"content":{"rendered":"<p style=\"text-align: center;\"><strong>Moci\u00f3n aprobada por unanimidad en el Pleno de 9 de noviembre.<\/strong><\/p>\n<p style=\"text-align: center;\"><img loading=\"lazy\" decoding=\"async\" class=\"alignnone size-medium wp-image-4342\" src=\"https:\/\/www.penacerrada-urizaharra.eus\/wp-content\/uploads\/2021\/12\/PHOTO-2021-11-09-20-24-36-300x225.jpg\" alt=\"\" width=\"300\" height=\"225\" srcset=\"https:\/\/www.penacerrada-urizaharra.eus\/wp-content\/uploads\/2021\/12\/PHOTO-2021-11-09-20-24-36-300x225.jpg 300w, https:\/\/www.penacerrada-urizaharra.eus\/wp-content\/uploads\/2021\/12\/PHOTO-2021-11-09-20-24-36-80x60.jpg 80w, https:\/\/www.penacerrada-urizaharra.eus\/wp-content\/uploads\/2021\/12\/PHOTO-2021-11-09-20-24-36-768x576.jpg 768w, https:\/\/www.penacerrada-urizaharra.eus\/wp-content\/uploads\/2021\/12\/PHOTO-2021-11-09-20-24-36-705x529.jpg 705w, https:\/\/www.penacerrada-urizaharra.eus\/wp-content\/uploads\/2021\/12\/PHOTO-2021-11-09-20-24-36.jpg 1024w\" sizes=\"auto, (max-width: 300px) 100vw, 300px\" \/><\/p>\n<p style=\"text-align: center;\"><a href=\"https:\/\/www.penacerrada-urizaharra.eus\/wp-content\/uploads\/2021\/12\/MIGRAZIORAKO-EUSKAL-ITUN-SOZIALA.pdf\" target=\"_blank\" rel=\"noopener\">Jeitsi dokumentua<\/a><\/p>\n","protected":false},"excerpt":{"rendered":"<p>Moci\u00f3n aprobada por unanimidad en el Pleno de 9 de noviembre. Jeitsi dokumentua<\/p>\n","protected":false},"author":1,"featured_media":4341,"comment_status":"closed","ping_status":"open","sticky":false,"template":"","format":"standard","meta":{"footnotes":""},"categories":[18],"tags":[],"class_list":["post-4349","post","type-post","status-publish","format-standard","has-post-thumbnail","hentry","category-berriak"],"yoast_head":"<!-- This site is optimized with the Yoast SEO plugin v26.6 - https:\/\/yoast.com\/wordpress\/plugins\/seo\/ -->\n<title>Moci\u00f3n pacto social vasco para la migraci\u00f3n - Ayuntamiento de Pe\u00f1acerrada-Urizaharra<\/title>\n<meta name=\"robots\" content=\"index, follow, max-snippet:-1, max-image-preview:large, max-video-preview:-1\" \/>\n<link rel=\"canonical\" href=\"https:\/\/www.penacerrada-urizaharra.eus\/eu\/mocion-pacto-social-vasco-para-la-migracion\/\" \/>\n<meta property=\"og:locale\" content=\"eu_ES\" \/>\n<meta property=\"og:type\" content=\"article\" \/>\n<meta property=\"og:title\" content=\"Moci\u00f3n pacto social vasco para la migraci\u00f3n - Ayuntamiento de Pe\u00f1acerrada-Urizaharra\" \/>\n<meta property=\"og:description\" content=\"Moci\u00f3n aprobada por unanimidad en el Pleno de 9 de noviembre. Jeitsi dokumentua\" \/>\n<meta property=\"og:url\" content=\"https:\/\/www.penacerrada-urizaharra.eus\/eu\/mocion-pacto-social-vasco-para-la-migracion\/\" \/>\n<meta property=\"og:site_name\" content=\"Ayuntamiento de Pe\u00f1acerrada-Urizaharra\" \/>\n<meta property=\"article:published_time\" content=\"2021-12-10T15:40:38+00:00\" \/>\n<meta property=\"article:modified_time\" content=\"2021-12-10T15:43:23+00:00\" \/>\n<meta property=\"og:image\" content=\"https:\/\/www.penacerrada-urizaharra.eus\/wp-content\/uploads\/2021\/12\/PHOTO-2021-11-09-20-24-19.jpg\" \/>\n\t<meta property=\"og:image:width\" content=\"1024\" \/>\n\t<meta property=\"og:image:height\" content=\"768\" \/>\n\t<meta property=\"og:image:type\" content=\"image\/jpeg\" \/>\n<meta name=\"author\" content=\"Ayuntamiento de Pe\u00f1acerrada-Urizaharra\" \/>\n<meta name=\"twitter:card\" content=\"summary_large_image\" \/>\n<meta name=\"twitter:label1\" content=\"Written by\" \/>\n\t<meta name=\"twitter:data1\" content=\"Ayuntamiento de Pe\u00f1acerrada-Urizaharra\" \/>\n\t<meta name=\"twitter:label2\" content=\"Est. reading time\" \/>\n\t<meta name=\"twitter:data2\" content=\"1 minute\" \/>\n<script type=\"application\/ld+json\" class=\"yoast-schema-graph\">{\"@context\":\"https:\/\/schema.org\",\"@graph\":[{\"@type\":\"WebPage\",\"@id\":\"https:\/\/www.penacerrada-urizaharra.eus\/eu\/mocion-pacto-social-vasco-para-la-migracion\/\",\"url\":\"https:\/\/www.penacerrada-urizaharra.eus\/eu\/mocion-pacto-social-vasco-para-la-migracion\/\",\"name\":\"Moci\u00f3n pacto social vasco para la migraci\u00f3n - Ayuntamiento de Pe\u00f1acerrada-Urizaharra\",\"isPartOf\":{\"@id\":\"https:\/\/www.penacerrada-urizaharra.eus\/#website\"},\"primaryImageOfPage\":{\"@id\":\"https:\/\/www.penacerrada-urizaharra.eus\/eu\/mocion-pacto-social-vasco-para-la-migracion\/#primaryimage\"},\"image\":{\"@id\":\"https:\/\/www.penacerrada-urizaharra.eus\/eu\/mocion-pacto-social-vasco-para-la-migracion\/#primaryimage\"},\"thumbnailUrl\":\"https:\/\/www.penacerrada-urizaharra.eus\/wp-content\/uploads\/2021\/12\/PHOTO-2021-11-09-20-24-19.jpg\",\"datePublished\":\"2021-12-10T15:40:38+00:00\",\"dateModified\":\"2021-12-10T15:43:23+00:00\",\"author\":{\"@id\":\"https:\/\/www.penacerrada-urizaharra.eus\/#\/schema\/person\/fe1f5cb4e53761d6c52df044d2d8d3af\"},\"breadcrumb\":{\"@id\":\"https:\/\/www.penacerrada-urizaharra.eus\/eu\/mocion-pacto-social-vasco-para-la-migracion\/#breadcrumb\"},\"inLanguage\":\"eu-ES\",\"potentialAction\":[{\"@type\":\"ReadAction\",\"target\":[\"https:\/\/www.penacerrada-urizaharra.eus\/eu\/mocion-pacto-social-vasco-para-la-migracion\/\"]}]},{\"@type\":\"ImageObject\",\"inLanguage\":\"eu-ES\",\"@id\":\"https:\/\/www.penacerrada-urizaharra.eus\/eu\/mocion-pacto-social-vasco-para-la-migracion\/#primaryimage\",\"url\":\"https:\/\/www.penacerrada-urizaharra.eus\/wp-content\/uploads\/2021\/12\/PHOTO-2021-11-09-20-24-19.jpg\",\"contentUrl\":\"https:\/\/www.penacerrada-urizaharra.eus\/wp-content\/uploads\/2021\/12\/PHOTO-2021-11-09-20-24-19.jpg\",\"width\":1024,\"height\":768},{\"@type\":\"BreadcrumbList\",\"@id\":\"https:\/\/www.penacerrada-urizaharra.eus\/eu\/mocion-pacto-social-vasco-para-la-migracion\/#breadcrumb\",\"itemListElement\":[{\"@type\":\"ListItem\",\"position\":1,\"name\":\"Portada\",\"item\":\"https:\/\/www.penacerrada-urizaharra.eus\/eu\/\"},{\"@type\":\"ListItem\",\"position\":2,\"name\":\"Moci\u00f3n pacto social vasco para la migraci\u00f3n\"}]},{\"@type\":\"WebSite\",\"@id\":\"https:\/\/www.penacerrada-urizaharra.eus\/#website\",\"url\":\"https:\/\/www.penacerrada-urizaharra.eus\/\",\"name\":\"Ayuntamiento de Pe\u00f1acerrada-Urizaharra\",\"description\":\"\",\"potentialAction\":[{\"@type\":\"SearchAction\",\"target\":{\"@type\":\"EntryPoint\",\"urlTemplate\":\"https:\/\/www.penacerrada-urizaharra.eus\/?s={search_term_string}\"},\"query-input\":{\"@type\":\"PropertyValueSpecification\",\"valueRequired\":true,\"valueName\":\"search_term_string\"}}],\"inLanguage\":\"eu-ES\"},{\"@type\":\"Person\",\"@id\":\"https:\/\/www.penacerrada-urizaharra.eus\/#\/schema\/person\/fe1f5cb4e53761d6c52df044d2d8d3af\",\"name\":\"Ayuntamiento de Pe\u00f1acerrada-Urizaharra\",\"url\":\"https:\/\/www.penacerrada-urizaharra.eus\/eu\/author\/penurambar\/\"}]}<\/script>\n<!-- \/ Yoast SEO plugin. -->","yoast_head_json":{"title":"Moci\u00f3n pacto social vasco para la migraci\u00f3n - Ayuntamiento de Pe\u00f1acerrada-Urizaharra","robots":{"index":"index","follow":"follow","max-snippet":"max-snippet:-1","max-image-preview":"max-image-preview:large","max-video-preview":"max-video-preview:-1"},"canonical":"https:\/\/www.penacerrada-urizaharra.eus\/eu\/mocion-pacto-social-vasco-para-la-migracion\/","og_locale":"eu_ES","og_type":"article","og_title":"Moci\u00f3n pacto social vasco para la migraci\u00f3n - Ayuntamiento de Pe\u00f1acerrada-Urizaharra","og_description":"Moci\u00f3n aprobada por unanimidad en el Pleno de 9 de noviembre. Jeitsi dokumentua","og_url":"https:\/\/www.penacerrada-urizaharra.eus\/eu\/mocion-pacto-social-vasco-para-la-migracion\/","og_site_name":"Ayuntamiento de Pe\u00f1acerrada-Urizaharra","article_published_time":"2021-12-10T15:40:38+00:00","article_modified_time":"2021-12-10T15:43:23+00:00","og_image":[{"width":1024,"height":768,"url":"https:\/\/www.penacerrada-urizaharra.eus\/wp-content\/uploads\/2021\/12\/PHOTO-2021-11-09-20-24-19.jpg","type":"image\/jpeg"}],"author":"Ayuntamiento de Pe\u00f1acerrada-Urizaharra","twitter_card":"summary_large_image","twitter_misc":{"Written by":"Ayuntamiento de Pe\u00f1acerrada-Urizaharra","Est. reading time":"1 minute"},"schema":{"@context":"https:\/\/schema.org","@graph":[{"@type":"WebPage","@id":"https:\/\/www.penacerrada-urizaharra.eus\/eu\/mocion-pacto-social-vasco-para-la-migracion\/","url":"https:\/\/www.penacerrada-urizaharra.eus\/eu\/mocion-pacto-social-vasco-para-la-migracion\/","name":"Moci\u00f3n pacto social vasco para la migraci\u00f3n - Ayuntamiento de Pe\u00f1acerrada-Urizaharra","isPartOf":{"@id":"https:\/\/www.penacerrada-urizaharra.eus\/#website"},"primaryImageOfPage":{"@id":"https:\/\/www.penacerrada-urizaharra.eus\/eu\/mocion-pacto-social-vasco-para-la-migracion\/#primaryimage"},"image":{"@id":"https:\/\/www.penacerrada-urizaharra.eus\/eu\/mocion-pacto-social-vasco-para-la-migracion\/#primaryimage"},"thumbnailUrl":"https:\/\/www.penacerrada-urizaharra.eus\/wp-content\/uploads\/2021\/12\/PHOTO-2021-11-09-20-24-19.jpg","datePublished":"2021-12-10T15:40:38+00:00","dateModified":"2021-12-10T15:43:23+00:00","author":{"@id":"https:\/\/www.penacerrada-urizaharra.eus\/#\/schema\/person\/fe1f5cb4e53761d6c52df044d2d8d3af"},"breadcrumb":{"@id":"https:\/\/www.penacerrada-urizaharra.eus\/eu\/mocion-pacto-social-vasco-para-la-migracion\/#breadcrumb"},"inLanguage":"eu-ES","potentialAction":[{"@type":"ReadAction","target":["https:\/\/www.penacerrada-urizaharra.eus\/eu\/mocion-pacto-social-vasco-para-la-migracion\/"]}]},{"@type":"ImageObject","inLanguage":"eu-ES","@id":"https:\/\/www.penacerrada-urizaharra.eus\/eu\/mocion-pacto-social-vasco-para-la-migracion\/#primaryimage","url":"https:\/\/www.penacerrada-urizaharra.eus\/wp-content\/uploads\/2021\/12\/PHOTO-2021-11-09-20-24-19.jpg","contentUrl":"https:\/\/www.penacerrada-urizaharra.eus\/wp-content\/uploads\/2021\/12\/PHOTO-2021-11-09-20-24-19.jpg","width":1024,"height":768},{"@type":"BreadcrumbList","@id":"https:\/\/www.penacerrada-urizaharra.eus\/eu\/mocion-pacto-social-vasco-para-la-migracion\/#breadcrumb","itemListElement":[{"@type":"ListItem","position":1,"name":"Portada","item":"https:\/\/www.penacerrada-urizaharra.eus\/eu\/"},{"@type":"ListItem","position":2,"name":"Moci\u00f3n pacto social vasco para la migraci\u00f3n"}]},{"@type":"WebSite","@id":"https:\/\/www.penacerrada-urizaharra.eus\/#website","url":"https:\/\/www.penacerrada-urizaharra.eus\/","name":"Ayuntamiento de Pe\u00f1acerrada-Urizaharra","description":"","potentialAction":[{"@type":"SearchAction","target":{"@type":"EntryPoint","urlTemplate":"https:\/\/www.penacerrada-urizaharra.eus\/?s={search_term_string}"},"query-input":{"@type":"PropertyValueSpecification","valueRequired":true,"valueName":"search_term_string"}}],"inLanguage":"eu-ES"},{"@type":"Person","@id":"https:\/\/www.penacerrada-urizaharra.eus\/#\/schema\/person\/fe1f5cb4e53761d6c52df044d2d8d3af","name":"Ayuntamiento de Pe\u00f1acerrada-Urizaharra","url":"https:\/\/www.penacerrada-urizaharra.eus\/eu\/author\/penurambar\/"}]}},"_links":{"self":[{"href":"https:\/\/www.penacerrada-urizaharra.eus\/eu\/wp-json\/wp\/v2\/posts\/4349","targetHints":{"allow":["GET"]}}],"collection":[{"href":"https:\/\/www.penacerrada-urizaharra.eus\/eu\/wp-json\/wp\/v2\/posts"}],"about":[{"href":"https:\/\/www.penacerrada-urizaharra.eus\/eu\/wp-json\/wp\/v2\/types\/post"}],"author":[{"embeddable":true,"href":"https:\/\/www.penacerrada-urizaharra.eus\/eu\/wp-json\/wp\/v2\/users\/1"}],"replies":[{"embeddable":true,"href":"https:\/\/www.penacerrada-urizaharra.eus\/eu\/wp-json\/wp\/v2\/comments?post=4349"}],"version-history":[{"count":2,"href":"https:\/\/www.penacerrada-urizaharra.eus\/eu\/wp-json\/wp\/v2\/posts\/4349\/revisions"}],"predecessor-version":[{"id":4350,"href":"https:\/\/www.penacerrada-urizaharra.eus\/eu\/wp-json\/wp\/v2\/posts\/4349\/revisions\/4350"}],"wp:featuredmedia":[{"embeddable":true,"href":"https:\/\/www.penacerrada-urizaharra.eus\/eu\/wp-json\/wp\/v2\/media\/4341"}],"wp:attachment":[{"href":"https:\/\/www.penacerrada-urizaharra.eus\/eu\/wp-json\/wp\/v2\/media?parent=4349"}],"wp:term":[{"taxonomy":"category","embeddable":true,"href":"https:\/\/www.penacerrada-urizaharra.eus\/eu\/wp-json\/wp\/v2\/categories?post=4349"},{"taxonomy":"post_tag","embeddable":true,"href":"https:\/\/www.penacerrada-urizaharra.eus\/eu\/wp-json\/wp\/v2\/tags?post=4349"}],"curies":[{"name":"wp","href":"https:\/\/api.w.org\/{rel}","templated":true}]}}