{"id":4162,"date":"2021-09-13T12:02:05","date_gmt":"2021-09-13T10:02:05","guid":{"rendered":"https:\/\/www.penacerrada-urizaharra.eus\/convocatoria-sesion-ordinaria-de-pleno-16-de-septiembre-de-2021\/"},"modified":"2021-09-13T12:02:05","modified_gmt":"2021-09-13T10:02:05","slug":"convocatoria-sesion-ordinaria-de-pleno-16-de-septiembre-de-2021","status":"publish","type":"post","link":"https:\/\/www.penacerrada-urizaharra.eus\/eu\/convocatoria-sesion-ordinaria-de-pleno-16-de-septiembre-de-2021\/","title":{"rendered":"CONVOCATORIA SESI\u00d3N ORDINARIA DE PLENO (16 DE SEPTIEMBRE DE 2021)"},"content":{"rendered":"<p><strong>CONVOCATORIA SESI\u00d3N ORDINARIA DE PLENO<\/strong><\/p>\n<p>&nbsp;<\/p>\n<table>\n<tbody>\n<tr>\n<td width=\"286\"><strong>\u00a0\u00a0\u00a0 D\u00cdA:\u00a0\u00a0\u00a0\u00a0\u00a0\u00a0 16 DE SEPTIEMBRE DE 2021<\/strong><\/td>\n<\/tr>\n<tr>\n<td width=\"286\"><strong>\u00a0\u00a0\u00a0\u00a0\u00a0\u00a0\u00a0\u00a0\u00a0 HORA:\u00a0\u00a0\u00a0\u00a0\u00a0\u00a0\u00a0\u00a0\u00a0\u00a0\u00a0\u00a0\u00a0\u00a0\u00a0\u00a0\u00a0\u00a0\u00a0 19:00<\/strong><\/td>\n<\/tr>\n<tr>\n<td width=\"286\"><strong>\u00a0\u00a0\u00a0\u00a0\u00a0\u00a0\u00a0\u00a0\u00a0 LUGAR:<\/strong><em>\u00a0\u00a0\u00a0\u00a0\u00a0\u00a0\u00a0\u00a0\u00a0 Sal\u00f3n de Sesiones<\/em><\/td>\n<\/tr>\n<tr>\n<td width=\"286\"><strong>\u00a0\u00a0\u00a0\u00a0\u00a0\u00a0\u00a0\u00a0\u00a0 SESI\u00d3N:<\/strong>\u00a0\u00a0\u00a0\u00a0\u00a0\u00a0\u00a0\u00a0\u00a0\u00a0\u00a0\u00a0\u00a0 <em>Ordinaria<\/em><\/td>\n<\/tr>\n<\/tbody>\n<\/table>\n<p>Por Resoluci\u00f3n de Alcald\u00eda n\u00ba 123\/2021 de fecha 10 de SEPTIEMBRE, se ha convocado <strong>Sesi\u00f3n Ordinaria del Pleno Municipal<\/strong>, que se celebrar\u00e1 <strong><u>el pr\u00f3ximo JUEVES, d\u00eda 16 de SEPTIEMBRE a las 19:00 horas<\/u><\/strong>, y que, seg\u00fan lo previsto en el art\u00edculo 80 del Reglamento de Organizaci\u00f3n, Funcionamiento y R\u00e9gimen Jur\u00eddico de las Entidades Locales aprobado por Real Decreto 2568\/1986, de 28 de noviembre, tendr\u00e1 el siguiente,<\/p>\n<p><strong>\u00a0<\/strong><\/p>\n<p><strong>ORDEN DEL D\u00cdA<\/strong><\/p>\n<p><strong>\u00a0<\/strong><\/p>\n<p><strong>\u00a0<\/strong><\/p>\n<p><strong>PRIMERO.-<\/strong> Lectura y aprobaci\u00f3n, si procede, de las actas de la sesiones plenarias celebrada con fecha 13 de julio y 3 de agosto de 2021.<\/p>\n<p>&nbsp;<\/p>\n<p><strong>SEGUNDO.-<\/strong> Daci\u00f3n de cuentas de las Resoluciones de Alcald\u00eda dictadas desde la celebraci\u00f3n de la \u00faltima sesi\u00f3n ordinaria de pleno.<\/p>\n<p>&nbsp;<\/p>\n<p><strong>TERCERO.-<\/strong> <strong>.<\/strong>Aprobaci\u00f3n de la Cuenta General del Ayuntamiento de Pe\u00f1acerrada-Urizaharra correspondiente al ejercicio econ\u00f3mico 2020.<\/p>\n<p>&nbsp;<\/p>\n<p><strong>CUARTO.-<\/strong> Aprobaci\u00f3n definitiva del proyecto de Estudio de Detalle referente a la parcela n\u00ba 574 del pol\u00edgono n\u00ba 1 ubicada en la localidad de Montoria.<\/p>\n<p>&nbsp;<\/p>\n<p><strong>QUINTO.-<\/strong> Informaci\u00f3n sobre la \u00faltima Junta de Cuadrilla celebrada.<\/p>\n<p>&nbsp;<\/p>\n<p><strong>SEXTO<\/strong><strong>.-<\/strong> Correspondencia recibida.<\/p>\n<p><strong><u>\u00a0<\/u><\/strong><\/p>\n<p><strong>S\u00c9PTIMO.-<\/strong> Ruegos y preguntas.<\/p>\n<p>&nbsp;<\/p>\n<p>&nbsp;<\/p>\n<p>En Pe\u00f1acerrada-Urizaharra (Araba\/\u00c1lava), a 10 de septiembre de 2021.<\/p>\n<p>El Secretario,<\/p>\n<p>Fdo.: I\u00f1aki Joseba Prusilla Mu\u00f1oz.<\/p>\n","protected":false},"excerpt":{"rendered":"<p>CONVOCATORIA SESI\u00d3N ORDINARIA DE PLENO &nbsp; \u00a0\u00a0\u00a0 D\u00cdA:\u00a0\u00a0\u00a0\u00a0\u00a0\u00a0 16 DE SEPTIEMBRE DE 2021 \u00a0\u00a0\u00a0\u00a0\u00a0\u00a0\u00a0\u00a0\u00a0 HORA:\u00a0\u00a0\u00a0\u00a0\u00a0\u00a0\u00a0\u00a0\u00a0\u00a0\u00a0\u00a0\u00a0\u00a0\u00a0\u00a0\u00a0\u00a0\u00a0 19:00 \u00a0\u00a0\u00a0\u00a0\u00a0\u00a0\u00a0\u00a0\u00a0 LUGAR:\u00a0\u00a0\u00a0\u00a0\u00a0\u00a0\u00a0\u00a0\u00a0 Sal\u00f3n de Sesiones \u00a0\u00a0\u00a0\u00a0\u00a0\u00a0\u00a0\u00a0\u00a0 SESI\u00d3N:\u00a0\u00a0\u00a0\u00a0\u00a0\u00a0\u00a0\u00a0\u00a0\u00a0\u00a0\u00a0\u00a0 Ordinaria Por Resoluci\u00f3n de Alcald\u00eda n\u00ba 123\/2021 de fecha 10 de SEPTIEMBRE, se ha convocado Sesi\u00f3n Ordinaria del Pleno Municipal, que se celebrar\u00e1 el pr\u00f3ximo JUEVES, d\u00eda 16 de SEPTIEMBRE a las [&hellip;]<\/p>\n","protected":false},"author":1,"featured_media":2954,"comment_status":"closed","ping_status":"open","sticky":false,"template":"","format":"standard","meta":{"footnotes":""},"categories":[18],"tags":[],"class_list":["post-4162","post","type-post","status-publish","format-standard","has-post-thumbnail","hentry","category-berriak"],"yoast_head":"<!-- This site is optimized with the Yoast SEO plugin v26.6 - https:\/\/yoast.com\/wordpress\/plugins\/seo\/ -->\n<title>CONVOCATORIA SESI\u00d3N ORDINARIA DE PLENO (16 DE SEPTIEMBRE DE 2021) - Ayuntamiento de Pe\u00f1acerrada-Urizaharra<\/title>\n<meta name=\"robots\" content=\"index, follow, max-snippet:-1, max-image-preview:large, max-video-preview:-1\" \/>\n<link rel=\"canonical\" href=\"https:\/\/www.penacerrada-urizaharra.eus\/eu\/convocatoria-sesion-ordinaria-de-pleno-16-de-septiembre-de-2021\/\" \/>\n<meta property=\"og:locale\" content=\"eu_ES\" \/>\n<meta property=\"og:type\" content=\"article\" \/>\n<meta property=\"og:title\" content=\"CONVOCATORIA SESI\u00d3N ORDINARIA DE PLENO (16 DE SEPTIEMBRE DE 2021) - Ayuntamiento de Pe\u00f1acerrada-Urizaharra\" \/>\n<meta property=\"og:description\" content=\"CONVOCATORIA SESI\u00d3N ORDINARIA DE PLENO &nbsp; \u00a0\u00a0\u00a0 D\u00cdA:\u00a0\u00a0\u00a0\u00a0\u00a0\u00a0 16 DE SEPTIEMBRE DE 2021 \u00a0\u00a0\u00a0\u00a0\u00a0\u00a0\u00a0\u00a0\u00a0 HORA:\u00a0\u00a0\u00a0\u00a0\u00a0\u00a0\u00a0\u00a0\u00a0\u00a0\u00a0\u00a0\u00a0\u00a0\u00a0\u00a0\u00a0\u00a0\u00a0 19:00 \u00a0\u00a0\u00a0\u00a0\u00a0\u00a0\u00a0\u00a0\u00a0 LUGAR:\u00a0\u00a0\u00a0\u00a0\u00a0\u00a0\u00a0\u00a0\u00a0 Sal\u00f3n de Sesiones \u00a0\u00a0\u00a0\u00a0\u00a0\u00a0\u00a0\u00a0\u00a0 SESI\u00d3N:\u00a0\u00a0\u00a0\u00a0\u00a0\u00a0\u00a0\u00a0\u00a0\u00a0\u00a0\u00a0\u00a0 Ordinaria Por Resoluci\u00f3n de Alcald\u00eda n\u00ba 123\/2021 de fecha 10 de SEPTIEMBRE, se ha convocado Sesi\u00f3n Ordinaria del Pleno Municipal, que se celebrar\u00e1 el pr\u00f3ximo JUEVES, d\u00eda 16 de SEPTIEMBRE a las [&hellip;]\" \/>\n<meta property=\"og:url\" content=\"https:\/\/www.penacerrada-urizaharra.eus\/eu\/convocatoria-sesion-ordinaria-de-pleno-16-de-septiembre-de-2021\/\" \/>\n<meta property=\"og:site_name\" content=\"Ayuntamiento de Pe\u00f1acerrada-Urizaharra\" \/>\n<meta property=\"article:published_time\" content=\"2021-09-13T10:02:05+00:00\" \/>\n<meta property=\"og:image\" content=\"https:\/\/www.penacerrada-urizaharra.eus\/wp-content\/uploads\/2020\/03\/ayto-penacerrada-icon-04.png\" \/>\n\t<meta property=\"og:image:width\" content=\"160\" \/>\n\t<meta property=\"og:image:height\" content=\"160\" \/>\n\t<meta property=\"og:image:type\" content=\"image\/png\" \/>\n<meta name=\"author\" content=\"Ayuntamiento de Pe\u00f1acerrada-Urizaharra\" \/>\n<meta name=\"twitter:card\" content=\"summary_large_image\" \/>\n<meta name=\"twitter:label1\" content=\"Written by\" \/>\n\t<meta name=\"twitter:data1\" content=\"Ayuntamiento de Pe\u00f1acerrada-Urizaharra\" \/>\n\t<meta name=\"twitter:label2\" content=\"Est. reading time\" \/>\n\t<meta name=\"twitter:data2\" content=\"1 minute\" \/>\n<script type=\"application\/ld+json\" class=\"yoast-schema-graph\">{\"@context\":\"https:\/\/schema.org\",\"@graph\":[{\"@type\":\"WebPage\",\"@id\":\"https:\/\/www.penacerrada-urizaharra.eus\/eu\/convocatoria-sesion-ordinaria-de-pleno-16-de-septiembre-de-2021\/\",\"url\":\"https:\/\/www.penacerrada-urizaharra.eus\/eu\/convocatoria-sesion-ordinaria-de-pleno-16-de-septiembre-de-2021\/\",\"name\":\"CONVOCATORIA SESI\u00d3N ORDINARIA DE PLENO (16 DE SEPTIEMBRE DE 2021) - Ayuntamiento de Pe\u00f1acerrada-Urizaharra\",\"isPartOf\":{\"@id\":\"https:\/\/www.penacerrada-urizaharra.eus\/#website\"},\"primaryImageOfPage\":{\"@id\":\"https:\/\/www.penacerrada-urizaharra.eus\/eu\/convocatoria-sesion-ordinaria-de-pleno-16-de-septiembre-de-2021\/#primaryimage\"},\"image\":{\"@id\":\"https:\/\/www.penacerrada-urizaharra.eus\/eu\/convocatoria-sesion-ordinaria-de-pleno-16-de-septiembre-de-2021\/#primaryimage\"},\"thumbnailUrl\":\"https:\/\/www.penacerrada-urizaharra.eus\/wp-content\/uploads\/2020\/03\/ayto-penacerrada-icon-04.png\",\"datePublished\":\"2021-09-13T10:02:05+00:00\",\"author\":{\"@id\":\"https:\/\/www.penacerrada-urizaharra.eus\/#\/schema\/person\/fe1f5cb4e53761d6c52df044d2d8d3af\"},\"breadcrumb\":{\"@id\":\"https:\/\/www.penacerrada-urizaharra.eus\/eu\/convocatoria-sesion-ordinaria-de-pleno-16-de-septiembre-de-2021\/#breadcrumb\"},\"inLanguage\":\"eu-ES\",\"potentialAction\":[{\"@type\":\"ReadAction\",\"target\":[\"https:\/\/www.penacerrada-urizaharra.eus\/eu\/convocatoria-sesion-ordinaria-de-pleno-16-de-septiembre-de-2021\/\"]}]},{\"@type\":\"ImageObject\",\"inLanguage\":\"eu-ES\",\"@id\":\"https:\/\/www.penacerrada-urizaharra.eus\/eu\/convocatoria-sesion-ordinaria-de-pleno-16-de-septiembre-de-2021\/#primaryimage\",\"url\":\"https:\/\/www.penacerrada-urizaharra.eus\/wp-content\/uploads\/2020\/03\/ayto-penacerrada-icon-04.png\",\"contentUrl\":\"https:\/\/www.penacerrada-urizaharra.eus\/wp-content\/uploads\/2020\/03\/ayto-penacerrada-icon-04.png\",\"width\":160,\"height\":160},{\"@type\":\"BreadcrumbList\",\"@id\":\"https:\/\/www.penacerrada-urizaharra.eus\/eu\/convocatoria-sesion-ordinaria-de-pleno-16-de-septiembre-de-2021\/#breadcrumb\",\"itemListElement\":[{\"@type\":\"ListItem\",\"position\":1,\"name\":\"Portada\",\"item\":\"https:\/\/www.penacerrada-urizaharra.eus\/eu\/\"},{\"@type\":\"ListItem\",\"position\":2,\"name\":\"CONVOCATORIA SESI\u00d3N ORDINARIA DE PLENO (16 DE SEPTIEMBRE DE 2021)\"}]},{\"@type\":\"WebSite\",\"@id\":\"https:\/\/www.penacerrada-urizaharra.eus\/#website\",\"url\":\"https:\/\/www.penacerrada-urizaharra.eus\/\",\"name\":\"Ayuntamiento de Pe\u00f1acerrada-Urizaharra\",\"description\":\"\",\"potentialAction\":[{\"@type\":\"SearchAction\",\"target\":{\"@type\":\"EntryPoint\",\"urlTemplate\":\"https:\/\/www.penacerrada-urizaharra.eus\/?s={search_term_string}\"},\"query-input\":{\"@type\":\"PropertyValueSpecification\",\"valueRequired\":true,\"valueName\":\"search_term_string\"}}],\"inLanguage\":\"eu-ES\"},{\"@type\":\"Person\",\"@id\":\"https:\/\/www.penacerrada-urizaharra.eus\/#\/schema\/person\/fe1f5cb4e53761d6c52df044d2d8d3af\",\"name\":\"Ayuntamiento de Pe\u00f1acerrada-Urizaharra\",\"url\":\"https:\/\/www.penacerrada-urizaharra.eus\/eu\/author\/penurambar\/\"}]}<\/script>\n<!-- \/ Yoast SEO plugin. -->","yoast_head_json":{"title":"CONVOCATORIA SESI\u00d3N ORDINARIA DE PLENO (16 DE SEPTIEMBRE DE 2021) - Ayuntamiento de Pe\u00f1acerrada-Urizaharra","robots":{"index":"index","follow":"follow","max-snippet":"max-snippet:-1","max-image-preview":"max-image-preview:large","max-video-preview":"max-video-preview:-1"},"canonical":"https:\/\/www.penacerrada-urizaharra.eus\/eu\/convocatoria-sesion-ordinaria-de-pleno-16-de-septiembre-de-2021\/","og_locale":"eu_ES","og_type":"article","og_title":"CONVOCATORIA SESI\u00d3N ORDINARIA DE PLENO (16 DE SEPTIEMBRE DE 2021) - Ayuntamiento de Pe\u00f1acerrada-Urizaharra","og_description":"CONVOCATORIA SESI\u00d3N ORDINARIA DE PLENO &nbsp; \u00a0\u00a0\u00a0 D\u00cdA:\u00a0\u00a0\u00a0\u00a0\u00a0\u00a0 16 DE SEPTIEMBRE DE 2021 \u00a0\u00a0\u00a0\u00a0\u00a0\u00a0\u00a0\u00a0\u00a0 HORA:\u00a0\u00a0\u00a0\u00a0\u00a0\u00a0\u00a0\u00a0\u00a0\u00a0\u00a0\u00a0\u00a0\u00a0\u00a0\u00a0\u00a0\u00a0\u00a0 19:00 \u00a0\u00a0\u00a0\u00a0\u00a0\u00a0\u00a0\u00a0\u00a0 LUGAR:\u00a0\u00a0\u00a0\u00a0\u00a0\u00a0\u00a0\u00a0\u00a0 Sal\u00f3n de Sesiones \u00a0\u00a0\u00a0\u00a0\u00a0\u00a0\u00a0\u00a0\u00a0 SESI\u00d3N:\u00a0\u00a0\u00a0\u00a0\u00a0\u00a0\u00a0\u00a0\u00a0\u00a0\u00a0\u00a0\u00a0 Ordinaria Por Resoluci\u00f3n de Alcald\u00eda n\u00ba 123\/2021 de fecha 10 de SEPTIEMBRE, se ha convocado Sesi\u00f3n Ordinaria del Pleno Municipal, que se celebrar\u00e1 el pr\u00f3ximo JUEVES, d\u00eda 16 de SEPTIEMBRE a las [&hellip;]","og_url":"https:\/\/www.penacerrada-urizaharra.eus\/eu\/convocatoria-sesion-ordinaria-de-pleno-16-de-septiembre-de-2021\/","og_site_name":"Ayuntamiento de Pe\u00f1acerrada-Urizaharra","article_published_time":"2021-09-13T10:02:05+00:00","og_image":[{"width":160,"height":160,"url":"https:\/\/www.penacerrada-urizaharra.eus\/wp-content\/uploads\/2020\/03\/ayto-penacerrada-icon-04.png","type":"image\/png"}],"author":"Ayuntamiento de Pe\u00f1acerrada-Urizaharra","twitter_card":"summary_large_image","twitter_misc":{"Written by":"Ayuntamiento de Pe\u00f1acerrada-Urizaharra","Est. reading time":"1 minute"},"schema":{"@context":"https:\/\/schema.org","@graph":[{"@type":"WebPage","@id":"https:\/\/www.penacerrada-urizaharra.eus\/eu\/convocatoria-sesion-ordinaria-de-pleno-16-de-septiembre-de-2021\/","url":"https:\/\/www.penacerrada-urizaharra.eus\/eu\/convocatoria-sesion-ordinaria-de-pleno-16-de-septiembre-de-2021\/","name":"CONVOCATORIA SESI\u00d3N ORDINARIA DE PLENO (16 DE SEPTIEMBRE DE 2021) - Ayuntamiento de Pe\u00f1acerrada-Urizaharra","isPartOf":{"@id":"https:\/\/www.penacerrada-urizaharra.eus\/#website"},"primaryImageOfPage":{"@id":"https:\/\/www.penacerrada-urizaharra.eus\/eu\/convocatoria-sesion-ordinaria-de-pleno-16-de-septiembre-de-2021\/#primaryimage"},"image":{"@id":"https:\/\/www.penacerrada-urizaharra.eus\/eu\/convocatoria-sesion-ordinaria-de-pleno-16-de-septiembre-de-2021\/#primaryimage"},"thumbnailUrl":"https:\/\/www.penacerrada-urizaharra.eus\/wp-content\/uploads\/2020\/03\/ayto-penacerrada-icon-04.png","datePublished":"2021-09-13T10:02:05+00:00","author":{"@id":"https:\/\/www.penacerrada-urizaharra.eus\/#\/schema\/person\/fe1f5cb4e53761d6c52df044d2d8d3af"},"breadcrumb":{"@id":"https:\/\/www.penacerrada-urizaharra.eus\/eu\/convocatoria-sesion-ordinaria-de-pleno-16-de-septiembre-de-2021\/#breadcrumb"},"inLanguage":"eu-ES","potentialAction":[{"@type":"ReadAction","target":["https:\/\/www.penacerrada-urizaharra.eus\/eu\/convocatoria-sesion-ordinaria-de-pleno-16-de-septiembre-de-2021\/"]}]},{"@type":"ImageObject","inLanguage":"eu-ES","@id":"https:\/\/www.penacerrada-urizaharra.eus\/eu\/convocatoria-sesion-ordinaria-de-pleno-16-de-septiembre-de-2021\/#primaryimage","url":"https:\/\/www.penacerrada-urizaharra.eus\/wp-content\/uploads\/2020\/03\/ayto-penacerrada-icon-04.png","contentUrl":"https:\/\/www.penacerrada-urizaharra.eus\/wp-content\/uploads\/2020\/03\/ayto-penacerrada-icon-04.png","width":160,"height":160},{"@type":"BreadcrumbList","@id":"https:\/\/www.penacerrada-urizaharra.eus\/eu\/convocatoria-sesion-ordinaria-de-pleno-16-de-septiembre-de-2021\/#breadcrumb","itemListElement":[{"@type":"ListItem","position":1,"name":"Portada","item":"https:\/\/www.penacerrada-urizaharra.eus\/eu\/"},{"@type":"ListItem","position":2,"name":"CONVOCATORIA SESI\u00d3N ORDINARIA DE PLENO (16 DE SEPTIEMBRE DE 2021)"}]},{"@type":"WebSite","@id":"https:\/\/www.penacerrada-urizaharra.eus\/#website","url":"https:\/\/www.penacerrada-urizaharra.eus\/","name":"Ayuntamiento de Pe\u00f1acerrada-Urizaharra","description":"","potentialAction":[{"@type":"SearchAction","target":{"@type":"EntryPoint","urlTemplate":"https:\/\/www.penacerrada-urizaharra.eus\/?s={search_term_string}"},"query-input":{"@type":"PropertyValueSpecification","valueRequired":true,"valueName":"search_term_string"}}],"inLanguage":"eu-ES"},{"@type":"Person","@id":"https:\/\/www.penacerrada-urizaharra.eus\/#\/schema\/person\/fe1f5cb4e53761d6c52df044d2d8d3af","name":"Ayuntamiento de Pe\u00f1acerrada-Urizaharra","url":"https:\/\/www.penacerrada-urizaharra.eus\/eu\/author\/penurambar\/"}]}},"_links":{"self":[{"href":"https:\/\/www.penacerrada-urizaharra.eus\/eu\/wp-json\/wp\/v2\/posts\/4162","targetHints":{"allow":["GET"]}}],"collection":[{"href":"https:\/\/www.penacerrada-urizaharra.eus\/eu\/wp-json\/wp\/v2\/posts"}],"about":[{"href":"https:\/\/www.penacerrada-urizaharra.eus\/eu\/wp-json\/wp\/v2\/types\/post"}],"author":[{"embeddable":true,"href":"https:\/\/www.penacerrada-urizaharra.eus\/eu\/wp-json\/wp\/v2\/users\/1"}],"replies":[{"embeddable":true,"href":"https:\/\/www.penacerrada-urizaharra.eus\/eu\/wp-json\/wp\/v2\/comments?post=4162"}],"version-history":[{"count":0,"href":"https:\/\/www.penacerrada-urizaharra.eus\/eu\/wp-json\/wp\/v2\/posts\/4162\/revisions"}],"wp:featuredmedia":[{"embeddable":true,"href":"https:\/\/www.penacerrada-urizaharra.eus\/eu\/wp-json\/wp\/v2\/media\/2954"}],"wp:attachment":[{"href":"https:\/\/www.penacerrada-urizaharra.eus\/eu\/wp-json\/wp\/v2\/media?parent=4162"}],"wp:term":[{"taxonomy":"category","embeddable":true,"href":"https:\/\/www.penacerrada-urizaharra.eus\/eu\/wp-json\/wp\/v2\/categories?post=4162"},{"taxonomy":"post_tag","embeddable":true,"href":"https:\/\/www.penacerrada-urizaharra.eus\/eu\/wp-json\/wp\/v2\/tags?post=4162"}],"curies":[{"name":"wp","href":"https:\/\/api.w.org\/{rel}","templated":true}]}}