{"id":4026,"date":"2021-08-08T15:00:52","date_gmt":"2021-08-08T13:00:52","guid":{"rendered":"https:\/\/www.penacerrada-urizaharra.eus\/arrendamiento-finca-rustica\/"},"modified":"2021-08-08T16:54:53","modified_gmt":"2021-08-08T14:54:53","slug":"arrendamiento-finca-rustica","status":"publish","type":"post","link":"https:\/\/www.penacerrada-urizaharra.eus\/eu\/arrendamiento-finca-rustica\/","title":{"rendered":"Arrendamiento finca r\u00fastica"},"content":{"rendered":"<ul>\n<li><a href=\"http:\/\/www.araba.eus\/botha\/Boletines\/2021\/082\/2021_082_02619_C.pdf\" target=\"_blank\" rel=\"noopener\">Arrendamiento finca r\u00fastica<\/a> (BOTHA, <span dir=\"ltr\" role=\"presentation\">viernes, 23 de julio de 2021)<\/span><\/li>\n<li><a href=\"https:\/\/www.penacerrada-urizaharra.eus\/wp-content\/uploads\/2021\/08\/210712-PLIEGO-DE-CLAUSULAS-ADMINISTRATIVAS-PARTICULARES-ARRENDAMIENTO-LA-GABAZA.pdf\" target=\"_blank\" rel=\"noopener\">PLIEGO DE CLAUSULAS ADMINISTRATIVAS PARTICULARES QUE HAN DE REGIR EL ARRENDAMIENTO, MEDIANTE CONCURSO, DE PARCELA R\u00daSTICA MUNICIPAL<\/a> (12 de julio de 2021)<\/li>\n<\/ul>\n","protected":false},"excerpt":{"rendered":"<p>Arrendamiento finca r\u00fastica (BOTHA, viernes, 23 de julio de 2021) PLIEGO DE CLAUSULAS ADMINISTRATIVAS PARTICULARES QUE HAN DE REGIR EL ARRENDAMIENTO, MEDIANTE CONCURSO, DE PARCELA R\u00daSTICA MUNICIPAL (12 de julio de 2021)<\/p>\n","protected":false},"author":1,"featured_media":2954,"comment_status":"closed","ping_status":"open","sticky":false,"template":"","format":"standard","meta":{"footnotes":""},"categories":[18],"tags":[],"class_list":["post-4026","post","type-post","status-publish","format-standard","has-post-thumbnail","hentry","category-berriak"],"yoast_head":"<!-- This site is optimized with the Yoast SEO plugin v26.6 - https:\/\/yoast.com\/wordpress\/plugins\/seo\/ -->\n<title>Arrendamiento finca r\u00fastica - Ayuntamiento de Pe\u00f1acerrada-Urizaharra<\/title>\n<meta name=\"robots\" content=\"index, follow, max-snippet:-1, max-image-preview:large, max-video-preview:-1\" \/>\n<link rel=\"canonical\" href=\"https:\/\/www.penacerrada-urizaharra.eus\/eu\/arrendamiento-finca-rustica\/\" \/>\n<meta property=\"og:locale\" content=\"eu_ES\" \/>\n<meta property=\"og:type\" content=\"article\" \/>\n<meta property=\"og:title\" content=\"Arrendamiento finca r\u00fastica - Ayuntamiento de Pe\u00f1acerrada-Urizaharra\" \/>\n<meta property=\"og:description\" content=\"Arrendamiento finca r\u00fastica (BOTHA, viernes, 23 de julio de 2021) PLIEGO DE CLAUSULAS ADMINISTRATIVAS PARTICULARES QUE HAN DE REGIR EL ARRENDAMIENTO, MEDIANTE CONCURSO, DE PARCELA R\u00daSTICA MUNICIPAL (12 de julio de 2021)\" \/>\n<meta property=\"og:url\" content=\"https:\/\/www.penacerrada-urizaharra.eus\/eu\/arrendamiento-finca-rustica\/\" \/>\n<meta property=\"og:site_name\" content=\"Ayuntamiento de Pe\u00f1acerrada-Urizaharra\" \/>\n<meta property=\"article:published_time\" content=\"2021-08-08T13:00:52+00:00\" \/>\n<meta property=\"article:modified_time\" content=\"2021-08-08T14:54:53+00:00\" \/>\n<meta property=\"og:image\" content=\"https:\/\/www.penacerrada-urizaharra.eus\/wp-content\/uploads\/2020\/03\/ayto-penacerrada-icon-04.png\" \/>\n\t<meta property=\"og:image:width\" content=\"160\" \/>\n\t<meta property=\"og:image:height\" content=\"160\" \/>\n\t<meta property=\"og:image:type\" content=\"image\/png\" \/>\n<meta name=\"author\" content=\"Ayuntamiento de Pe\u00f1acerrada-Urizaharra\" \/>\n<meta name=\"twitter:card\" content=\"summary_large_image\" \/>\n<meta name=\"twitter:label1\" content=\"Written by\" \/>\n\t<meta name=\"twitter:data1\" content=\"Ayuntamiento de Pe\u00f1acerrada-Urizaharra\" \/>\n\t<meta name=\"twitter:label2\" content=\"Est. reading time\" \/>\n\t<meta name=\"twitter:data2\" content=\"1 minute\" \/>\n<script type=\"application\/ld+json\" class=\"yoast-schema-graph\">{\"@context\":\"https:\/\/schema.org\",\"@graph\":[{\"@type\":\"WebPage\",\"@id\":\"https:\/\/www.penacerrada-urizaharra.eus\/eu\/arrendamiento-finca-rustica\/\",\"url\":\"https:\/\/www.penacerrada-urizaharra.eus\/eu\/arrendamiento-finca-rustica\/\",\"name\":\"Arrendamiento finca r\u00fastica - Ayuntamiento de Pe\u00f1acerrada-Urizaharra\",\"isPartOf\":{\"@id\":\"https:\/\/www.penacerrada-urizaharra.eus\/#website\"},\"primaryImageOfPage\":{\"@id\":\"https:\/\/www.penacerrada-urizaharra.eus\/eu\/arrendamiento-finca-rustica\/#primaryimage\"},\"image\":{\"@id\":\"https:\/\/www.penacerrada-urizaharra.eus\/eu\/arrendamiento-finca-rustica\/#primaryimage\"},\"thumbnailUrl\":\"https:\/\/www.penacerrada-urizaharra.eus\/wp-content\/uploads\/2020\/03\/ayto-penacerrada-icon-04.png\",\"datePublished\":\"2021-08-08T13:00:52+00:00\",\"dateModified\":\"2021-08-08T14:54:53+00:00\",\"author\":{\"@id\":\"https:\/\/www.penacerrada-urizaharra.eus\/#\/schema\/person\/fe1f5cb4e53761d6c52df044d2d8d3af\"},\"breadcrumb\":{\"@id\":\"https:\/\/www.penacerrada-urizaharra.eus\/eu\/arrendamiento-finca-rustica\/#breadcrumb\"},\"inLanguage\":\"eu-ES\",\"potentialAction\":[{\"@type\":\"ReadAction\",\"target\":[\"https:\/\/www.penacerrada-urizaharra.eus\/eu\/arrendamiento-finca-rustica\/\"]}]},{\"@type\":\"ImageObject\",\"inLanguage\":\"eu-ES\",\"@id\":\"https:\/\/www.penacerrada-urizaharra.eus\/eu\/arrendamiento-finca-rustica\/#primaryimage\",\"url\":\"https:\/\/www.penacerrada-urizaharra.eus\/wp-content\/uploads\/2020\/03\/ayto-penacerrada-icon-04.png\",\"contentUrl\":\"https:\/\/www.penacerrada-urizaharra.eus\/wp-content\/uploads\/2020\/03\/ayto-penacerrada-icon-04.png\",\"width\":160,\"height\":160},{\"@type\":\"BreadcrumbList\",\"@id\":\"https:\/\/www.penacerrada-urizaharra.eus\/eu\/arrendamiento-finca-rustica\/#breadcrumb\",\"itemListElement\":[{\"@type\":\"ListItem\",\"position\":1,\"name\":\"Portada\",\"item\":\"https:\/\/www.penacerrada-urizaharra.eus\/eu\/\"},{\"@type\":\"ListItem\",\"position\":2,\"name\":\"Arrendamiento finca r\u00fastica\"}]},{\"@type\":\"WebSite\",\"@id\":\"https:\/\/www.penacerrada-urizaharra.eus\/#website\",\"url\":\"https:\/\/www.penacerrada-urizaharra.eus\/\",\"name\":\"Ayuntamiento de Pe\u00f1acerrada-Urizaharra\",\"description\":\"\",\"potentialAction\":[{\"@type\":\"SearchAction\",\"target\":{\"@type\":\"EntryPoint\",\"urlTemplate\":\"https:\/\/www.penacerrada-urizaharra.eus\/?s={search_term_string}\"},\"query-input\":{\"@type\":\"PropertyValueSpecification\",\"valueRequired\":true,\"valueName\":\"search_term_string\"}}],\"inLanguage\":\"eu-ES\"},{\"@type\":\"Person\",\"@id\":\"https:\/\/www.penacerrada-urizaharra.eus\/#\/schema\/person\/fe1f5cb4e53761d6c52df044d2d8d3af\",\"name\":\"Ayuntamiento de Pe\u00f1acerrada-Urizaharra\",\"url\":\"https:\/\/www.penacerrada-urizaharra.eus\/eu\/author\/penurambar\/\"}]}<\/script>\n<!-- \/ Yoast SEO plugin. -->","yoast_head_json":{"title":"Arrendamiento finca r\u00fastica - Ayuntamiento de Pe\u00f1acerrada-Urizaharra","robots":{"index":"index","follow":"follow","max-snippet":"max-snippet:-1","max-image-preview":"max-image-preview:large","max-video-preview":"max-video-preview:-1"},"canonical":"https:\/\/www.penacerrada-urizaharra.eus\/eu\/arrendamiento-finca-rustica\/","og_locale":"eu_ES","og_type":"article","og_title":"Arrendamiento finca r\u00fastica - Ayuntamiento de Pe\u00f1acerrada-Urizaharra","og_description":"Arrendamiento finca r\u00fastica (BOTHA, viernes, 23 de julio de 2021) PLIEGO DE CLAUSULAS ADMINISTRATIVAS PARTICULARES QUE HAN DE REGIR EL ARRENDAMIENTO, MEDIANTE CONCURSO, DE PARCELA R\u00daSTICA MUNICIPAL (12 de julio de 2021)","og_url":"https:\/\/www.penacerrada-urizaharra.eus\/eu\/arrendamiento-finca-rustica\/","og_site_name":"Ayuntamiento de Pe\u00f1acerrada-Urizaharra","article_published_time":"2021-08-08T13:00:52+00:00","article_modified_time":"2021-08-08T14:54:53+00:00","og_image":[{"width":160,"height":160,"url":"https:\/\/www.penacerrada-urizaharra.eus\/wp-content\/uploads\/2020\/03\/ayto-penacerrada-icon-04.png","type":"image\/png"}],"author":"Ayuntamiento de Pe\u00f1acerrada-Urizaharra","twitter_card":"summary_large_image","twitter_misc":{"Written by":"Ayuntamiento de Pe\u00f1acerrada-Urizaharra","Est. reading time":"1 minute"},"schema":{"@context":"https:\/\/schema.org","@graph":[{"@type":"WebPage","@id":"https:\/\/www.penacerrada-urizaharra.eus\/eu\/arrendamiento-finca-rustica\/","url":"https:\/\/www.penacerrada-urizaharra.eus\/eu\/arrendamiento-finca-rustica\/","name":"Arrendamiento finca r\u00fastica - Ayuntamiento de Pe\u00f1acerrada-Urizaharra","isPartOf":{"@id":"https:\/\/www.penacerrada-urizaharra.eus\/#website"},"primaryImageOfPage":{"@id":"https:\/\/www.penacerrada-urizaharra.eus\/eu\/arrendamiento-finca-rustica\/#primaryimage"},"image":{"@id":"https:\/\/www.penacerrada-urizaharra.eus\/eu\/arrendamiento-finca-rustica\/#primaryimage"},"thumbnailUrl":"https:\/\/www.penacerrada-urizaharra.eus\/wp-content\/uploads\/2020\/03\/ayto-penacerrada-icon-04.png","datePublished":"2021-08-08T13:00:52+00:00","dateModified":"2021-08-08T14:54:53+00:00","author":{"@id":"https:\/\/www.penacerrada-urizaharra.eus\/#\/schema\/person\/fe1f5cb4e53761d6c52df044d2d8d3af"},"breadcrumb":{"@id":"https:\/\/www.penacerrada-urizaharra.eus\/eu\/arrendamiento-finca-rustica\/#breadcrumb"},"inLanguage":"eu-ES","potentialAction":[{"@type":"ReadAction","target":["https:\/\/www.penacerrada-urizaharra.eus\/eu\/arrendamiento-finca-rustica\/"]}]},{"@type":"ImageObject","inLanguage":"eu-ES","@id":"https:\/\/www.penacerrada-urizaharra.eus\/eu\/arrendamiento-finca-rustica\/#primaryimage","url":"https:\/\/www.penacerrada-urizaharra.eus\/wp-content\/uploads\/2020\/03\/ayto-penacerrada-icon-04.png","contentUrl":"https:\/\/www.penacerrada-urizaharra.eus\/wp-content\/uploads\/2020\/03\/ayto-penacerrada-icon-04.png","width":160,"height":160},{"@type":"BreadcrumbList","@id":"https:\/\/www.penacerrada-urizaharra.eus\/eu\/arrendamiento-finca-rustica\/#breadcrumb","itemListElement":[{"@type":"ListItem","position":1,"name":"Portada","item":"https:\/\/www.penacerrada-urizaharra.eus\/eu\/"},{"@type":"ListItem","position":2,"name":"Arrendamiento finca r\u00fastica"}]},{"@type":"WebSite","@id":"https:\/\/www.penacerrada-urizaharra.eus\/#website","url":"https:\/\/www.penacerrada-urizaharra.eus\/","name":"Ayuntamiento de Pe\u00f1acerrada-Urizaharra","description":"","potentialAction":[{"@type":"SearchAction","target":{"@type":"EntryPoint","urlTemplate":"https:\/\/www.penacerrada-urizaharra.eus\/?s={search_term_string}"},"query-input":{"@type":"PropertyValueSpecification","valueRequired":true,"valueName":"search_term_string"}}],"inLanguage":"eu-ES"},{"@type":"Person","@id":"https:\/\/www.penacerrada-urizaharra.eus\/#\/schema\/person\/fe1f5cb4e53761d6c52df044d2d8d3af","name":"Ayuntamiento de Pe\u00f1acerrada-Urizaharra","url":"https:\/\/www.penacerrada-urizaharra.eus\/eu\/author\/penurambar\/"}]}},"_links":{"self":[{"href":"https:\/\/www.penacerrada-urizaharra.eus\/eu\/wp-json\/wp\/v2\/posts\/4026","targetHints":{"allow":["GET"]}}],"collection":[{"href":"https:\/\/www.penacerrada-urizaharra.eus\/eu\/wp-json\/wp\/v2\/posts"}],"about":[{"href":"https:\/\/www.penacerrada-urizaharra.eus\/eu\/wp-json\/wp\/v2\/types\/post"}],"author":[{"embeddable":true,"href":"https:\/\/www.penacerrada-urizaharra.eus\/eu\/wp-json\/wp\/v2\/users\/1"}],"replies":[{"embeddable":true,"href":"https:\/\/www.penacerrada-urizaharra.eus\/eu\/wp-json\/wp\/v2\/comments?post=4026"}],"version-history":[{"count":3,"href":"https:\/\/www.penacerrada-urizaharra.eus\/eu\/wp-json\/wp\/v2\/posts\/4026\/revisions"}],"predecessor-version":[{"id":4059,"href":"https:\/\/www.penacerrada-urizaharra.eus\/eu\/wp-json\/wp\/v2\/posts\/4026\/revisions\/4059"}],"wp:featuredmedia":[{"embeddable":true,"href":"https:\/\/www.penacerrada-urizaharra.eus\/eu\/wp-json\/wp\/v2\/media\/2954"}],"wp:attachment":[{"href":"https:\/\/www.penacerrada-urizaharra.eus\/eu\/wp-json\/wp\/v2\/media?parent=4026"}],"wp:term":[{"taxonomy":"category","embeddable":true,"href":"https:\/\/www.penacerrada-urizaharra.eus\/eu\/wp-json\/wp\/v2\/categories?post=4026"},{"taxonomy":"post_tag","embeddable":true,"href":"https:\/\/www.penacerrada-urizaharra.eus\/eu\/wp-json\/wp\/v2\/tags?post=4026"}],"curies":[{"name":"wp","href":"https:\/\/api.w.org\/{rel}","templated":true}]}}