{"id":3995,"date":"2021-07-08T18:11:24","date_gmt":"2021-07-08T16:11:24","guid":{"rendered":"https:\/\/www.penacerrada-urizaharra.eus\/convocatoria-sesion-ordinaria-de-pleno\/"},"modified":"2021-07-08T18:14:26","modified_gmt":"2021-07-08T16:14:26","slug":"convocatoria-sesion-ordinaria-de-pleno","status":"publish","type":"post","link":"https:\/\/www.penacerrada-urizaharra.eus\/eu\/convocatoria-sesion-ordinaria-de-pleno\/","title":{"rendered":"CONVOCATORIA SESI\u00d3N ORDINARIA DE PLENO 13 DE JULIO"},"content":{"rendered":"<table>\n<tbody>\n<tr>\n<td width=\"286\"><strong> D\u00cdA: 13 DE JULIO DE 2021<\/strong><\/td>\n<\/tr>\n<tr>\n<td width=\"286\"><strong>HORA: 19:00<\/strong><\/td>\n<\/tr>\n<tr>\n<td width=\"286\"><strong>LUGAR<em>: <\/em><\/strong><em>Sal\u00f3n de Sesiones<\/em><\/td>\n<\/tr>\n<tr>\n<td width=\"286\"><strong>SESI\u00d3N<em>: <\/em><\/strong><em>Ordinaria<\/em><\/td>\n<\/tr>\n<\/tbody>\n<\/table>\n<p>Por Resoluci\u00f3n de Alcald\u00eda n\u00ba 98\/2021 de fecha 8 de JULIO, se ha convocado <strong>Sesi\u00f3n Ordinaria del Pleno Municipal<\/strong>, que se celebrar\u00e1 <strong><u>el pr\u00f3ximo MARTES, d\u00eda 13 de JULIO a las 19:00 horas<\/u><\/strong>, y que, seg\u00fan lo previsto en el art\u00edculo 80 del Reglamento de Organizaci\u00f3n, Funcionamiento y R\u00e9gimen Jur\u00eddico de las Entidades Locales aprobado por Real Decreto 2568\/1986, de 28 de noviembre, tendr\u00e1 el siguiente,<\/p>\n<p><strong>\u00a0<\/strong><\/p>\n<p><strong>\u00a0<\/strong><\/p>\n<p><strong>ORDEN DEL D\u00cdA<\/strong><\/p>\n<p><strong>\u00a0<\/strong><\/p>\n<p><strong>\u00a0<\/strong><\/p>\n<p><strong>PRIMERO.-<\/strong> Lectura y aprobaci\u00f3n, si procede, de las actas de la sesiones plenaria celebrada con fecha 11 de mayo.<\/p>\n<p>&nbsp;<\/p>\n<p><strong>SEGUNDO.-<\/strong> Daci\u00f3n de cuentas de las Resoluciones de Alcald\u00eda dictadas desde la celebraci\u00f3n de la \u00faltima sesi\u00f3n ordinaria de pleno.<\/p>\n<p>&nbsp;<\/p>\n<p><strong>TERCERO.-<\/strong> Acuerdo para solicitar a la Excma. Diputaci\u00f3n Foral de \u00c1lava la ayuda necesaria para la realizaci\u00f3n del estudio t\u00e9cnico-econ\u00f3mico y elaboraci\u00f3n de una ordenanza que regule la tasa por la utilizaci\u00f3n privativa o aprovechamiento especial de dominio p\u00fablico local por instalaciones de transporte de energ\u00eda el\u00e9ctrica e hidrocarburos.<\/p>\n<p>&nbsp;<\/p>\n<p><strong>CUARTO.-<\/strong> Aprobaci\u00f3n de expediente de modificaci\u00f3n presupuestaria. expediente de Transferencia de Cr\u00e9dito 1\/2021.<\/p>\n<p>&nbsp;<\/p>\n<p><strong>QUINTO.-<\/strong> Aprobaci\u00f3n inicial Reglamento Municipal Regulador del Servicio de Centro Rural de Atenci\u00f3n Diurna.<\/p>\n<p><strong>\u00a0<\/strong><\/p>\n<p><strong>SEXTO.-<\/strong> Aprobaci\u00f3n inicial Ordenanza Fiscal del Servicio de Centro Rural de Atenci\u00f3n Diurna.<\/p>\n<p>&nbsp;<\/p>\n<p>&nbsp;<\/p>\n<p><strong>S\u00c9PTIMO.-<\/strong> Convenio de delegaci\u00f3n de competencias del Servicio de Centro Rural de Atenci\u00f3n Diurna y de encomienda de gesti\u00f3n del Servicio de Transporte Adaptado del Centro Rural de Atenci\u00f3n Diurna entre el Ayuntamiento de Pe\u00f1acerrada-Urizaharra y la Diputaci\u00f3n Foral de \u00c1lava.<\/p>\n<p>&nbsp;<\/p>\n<p><strong>OCTAVO.-<\/strong> Programa 2022 de Ejecuci\u00f3n de Obras Menores.<\/p>\n<p>&nbsp;<\/p>\n<p><strong>NOVENO.-<\/strong> Informaci\u00f3n sobre actividades culturales municipales.<\/p>\n<p>&nbsp;<\/p>\n<p><strong>D\u00c9CIMO.-<\/strong> Informaci\u00f3n sobre el arrendamiento de la finca r\u00fastica La Gabaza.<\/p>\n<p>&nbsp;<\/p>\n<p><strong>UND\u00c9CIMO.-<\/strong> Estado de ejecuci\u00f3n presupuestaria a 30 de junio de 2021.<\/p>\n<p>&nbsp;<\/p>\n<p><strong>DECIMOSEGUNDO<\/strong><strong>.-<\/strong> Correspondencia recibida.<\/p>\n<p><strong><u>\u00a0<\/u><\/strong><\/p>\n<p><strong>DECIMOTERCERO.-<\/strong> Ruegos y preguntas.<\/p>\n<p>&nbsp;<\/p>\n<p>&nbsp;<\/p>\n<p>En Pe\u00f1acerrada-Urizaharra (Araba\/\u00c1lava), a 8 de julio de 2021.<\/p>\n<p>El Secretario,<\/p>\n<p>Fdo.: I\u00f1aki Joseba Prusilla Mu\u00f1oz.<\/p>\n<p>&nbsp;<\/p>\n<p>&nbsp;<\/p>\n<p>&nbsp;<\/p>\n<p>&nbsp;<\/p>\n<p>&nbsp;<\/p>\n<p>&nbsp;<\/p>\n<p>&nbsp;<\/p>\n","protected":false},"excerpt":{"rendered":"<p>D\u00cdA: 13 DE JULIO DE 2021 HORA: 19:00 LUGAR: Sal\u00f3n de Sesiones SESI\u00d3N: Ordinaria Por Resoluci\u00f3n de Alcald\u00eda n\u00ba 98\/2021 de fecha 8 de JULIO, se ha convocado Sesi\u00f3n Ordinaria del Pleno Municipal, que se celebrar\u00e1 el pr\u00f3ximo MARTES, d\u00eda 13 de JULIO a las 19:00 horas, y que, seg\u00fan lo previsto en el art\u00edculo [&hellip;]<\/p>\n","protected":false},"author":1,"featured_media":2954,"comment_status":"closed","ping_status":"open","sticky":false,"template":"","format":"standard","meta":{"footnotes":""},"categories":[18],"tags":[],"class_list":["post-3995","post","type-post","status-publish","format-standard","has-post-thumbnail","hentry","category-berriak"],"yoast_head":"<!-- This site is optimized with the Yoast SEO plugin v26.6 - https:\/\/yoast.com\/wordpress\/plugins\/seo\/ -->\n<title>CONVOCATORIA SESI\u00d3N ORDINARIA DE PLENO 13 DE JULIO - Ayuntamiento de Pe\u00f1acerrada-Urizaharra<\/title>\n<meta name=\"robots\" content=\"index, follow, max-snippet:-1, max-image-preview:large, max-video-preview:-1\" \/>\n<link rel=\"canonical\" href=\"https:\/\/www.penacerrada-urizaharra.eus\/eu\/convocatoria-sesion-ordinaria-de-pleno\/\" \/>\n<meta property=\"og:locale\" content=\"eu_ES\" \/>\n<meta property=\"og:type\" content=\"article\" \/>\n<meta property=\"og:title\" content=\"CONVOCATORIA SESI\u00d3N ORDINARIA DE PLENO 13 DE JULIO - Ayuntamiento de Pe\u00f1acerrada-Urizaharra\" \/>\n<meta property=\"og:description\" content=\"D\u00cdA: 13 DE JULIO DE 2021 HORA: 19:00 LUGAR: Sal\u00f3n de Sesiones SESI\u00d3N: Ordinaria Por Resoluci\u00f3n de Alcald\u00eda n\u00ba 98\/2021 de fecha 8 de JULIO, se ha convocado Sesi\u00f3n Ordinaria del Pleno Municipal, que se celebrar\u00e1 el pr\u00f3ximo MARTES, d\u00eda 13 de JULIO a las 19:00 horas, y que, seg\u00fan lo previsto en el art\u00edculo [&hellip;]\" \/>\n<meta property=\"og:url\" content=\"https:\/\/www.penacerrada-urizaharra.eus\/eu\/convocatoria-sesion-ordinaria-de-pleno\/\" \/>\n<meta property=\"og:site_name\" content=\"Ayuntamiento de Pe\u00f1acerrada-Urizaharra\" \/>\n<meta property=\"article:published_time\" content=\"2021-07-08T16:11:24+00:00\" \/>\n<meta property=\"article:modified_time\" content=\"2021-07-08T16:14:26+00:00\" \/>\n<meta property=\"og:image\" content=\"https:\/\/www.penacerrada-urizaharra.eus\/wp-content\/uploads\/2020\/03\/ayto-penacerrada-icon-04.png\" \/>\n\t<meta property=\"og:image:width\" content=\"160\" \/>\n\t<meta property=\"og:image:height\" content=\"160\" \/>\n\t<meta property=\"og:image:type\" content=\"image\/png\" \/>\n<meta name=\"author\" content=\"Ayuntamiento de Pe\u00f1acerrada-Urizaharra\" \/>\n<meta name=\"twitter:card\" content=\"summary_large_image\" \/>\n<meta name=\"twitter:label1\" content=\"Written by\" \/>\n\t<meta name=\"twitter:data1\" content=\"Ayuntamiento de Pe\u00f1acerrada-Urizaharra\" \/>\n\t<meta name=\"twitter:label2\" content=\"Est. reading time\" \/>\n\t<meta name=\"twitter:data2\" content=\"2 minutes\" \/>\n<script type=\"application\/ld+json\" class=\"yoast-schema-graph\">{\"@context\":\"https:\/\/schema.org\",\"@graph\":[{\"@type\":\"WebPage\",\"@id\":\"https:\/\/www.penacerrada-urizaharra.eus\/eu\/convocatoria-sesion-ordinaria-de-pleno\/\",\"url\":\"https:\/\/www.penacerrada-urizaharra.eus\/eu\/convocatoria-sesion-ordinaria-de-pleno\/\",\"name\":\"CONVOCATORIA SESI\u00d3N ORDINARIA DE PLENO 13 DE JULIO - Ayuntamiento de Pe\u00f1acerrada-Urizaharra\",\"isPartOf\":{\"@id\":\"https:\/\/www.penacerrada-urizaharra.eus\/#website\"},\"primaryImageOfPage\":{\"@id\":\"https:\/\/www.penacerrada-urizaharra.eus\/eu\/convocatoria-sesion-ordinaria-de-pleno\/#primaryimage\"},\"image\":{\"@id\":\"https:\/\/www.penacerrada-urizaharra.eus\/eu\/convocatoria-sesion-ordinaria-de-pleno\/#primaryimage\"},\"thumbnailUrl\":\"https:\/\/www.penacerrada-urizaharra.eus\/wp-content\/uploads\/2020\/03\/ayto-penacerrada-icon-04.png\",\"datePublished\":\"2021-07-08T16:11:24+00:00\",\"dateModified\":\"2021-07-08T16:14:26+00:00\",\"author\":{\"@id\":\"https:\/\/www.penacerrada-urizaharra.eus\/#\/schema\/person\/fe1f5cb4e53761d6c52df044d2d8d3af\"},\"breadcrumb\":{\"@id\":\"https:\/\/www.penacerrada-urizaharra.eus\/eu\/convocatoria-sesion-ordinaria-de-pleno\/#breadcrumb\"},\"inLanguage\":\"eu-ES\",\"potentialAction\":[{\"@type\":\"ReadAction\",\"target\":[\"https:\/\/www.penacerrada-urizaharra.eus\/eu\/convocatoria-sesion-ordinaria-de-pleno\/\"]}]},{\"@type\":\"ImageObject\",\"inLanguage\":\"eu-ES\",\"@id\":\"https:\/\/www.penacerrada-urizaharra.eus\/eu\/convocatoria-sesion-ordinaria-de-pleno\/#primaryimage\",\"url\":\"https:\/\/www.penacerrada-urizaharra.eus\/wp-content\/uploads\/2020\/03\/ayto-penacerrada-icon-04.png\",\"contentUrl\":\"https:\/\/www.penacerrada-urizaharra.eus\/wp-content\/uploads\/2020\/03\/ayto-penacerrada-icon-04.png\",\"width\":160,\"height\":160},{\"@type\":\"BreadcrumbList\",\"@id\":\"https:\/\/www.penacerrada-urizaharra.eus\/eu\/convocatoria-sesion-ordinaria-de-pleno\/#breadcrumb\",\"itemListElement\":[{\"@type\":\"ListItem\",\"position\":1,\"name\":\"Portada\",\"item\":\"https:\/\/www.penacerrada-urizaharra.eus\/eu\/\"},{\"@type\":\"ListItem\",\"position\":2,\"name\":\"CONVOCATORIA SESI\u00d3N ORDINARIA DE PLENO 13 DE JULIO\"}]},{\"@type\":\"WebSite\",\"@id\":\"https:\/\/www.penacerrada-urizaharra.eus\/#website\",\"url\":\"https:\/\/www.penacerrada-urizaharra.eus\/\",\"name\":\"Ayuntamiento de Pe\u00f1acerrada-Urizaharra\",\"description\":\"\",\"potentialAction\":[{\"@type\":\"SearchAction\",\"target\":{\"@type\":\"EntryPoint\",\"urlTemplate\":\"https:\/\/www.penacerrada-urizaharra.eus\/?s={search_term_string}\"},\"query-input\":{\"@type\":\"PropertyValueSpecification\",\"valueRequired\":true,\"valueName\":\"search_term_string\"}}],\"inLanguage\":\"eu-ES\"},{\"@type\":\"Person\",\"@id\":\"https:\/\/www.penacerrada-urizaharra.eus\/#\/schema\/person\/fe1f5cb4e53761d6c52df044d2d8d3af\",\"name\":\"Ayuntamiento de Pe\u00f1acerrada-Urizaharra\",\"url\":\"https:\/\/www.penacerrada-urizaharra.eus\/eu\/author\/penurambar\/\"}]}<\/script>\n<!-- \/ Yoast SEO plugin. -->","yoast_head_json":{"title":"CONVOCATORIA SESI\u00d3N ORDINARIA DE PLENO 13 DE JULIO - Ayuntamiento de Pe\u00f1acerrada-Urizaharra","robots":{"index":"index","follow":"follow","max-snippet":"max-snippet:-1","max-image-preview":"max-image-preview:large","max-video-preview":"max-video-preview:-1"},"canonical":"https:\/\/www.penacerrada-urizaharra.eus\/eu\/convocatoria-sesion-ordinaria-de-pleno\/","og_locale":"eu_ES","og_type":"article","og_title":"CONVOCATORIA SESI\u00d3N ORDINARIA DE PLENO 13 DE JULIO - Ayuntamiento de Pe\u00f1acerrada-Urizaharra","og_description":"D\u00cdA: 13 DE JULIO DE 2021 HORA: 19:00 LUGAR: Sal\u00f3n de Sesiones SESI\u00d3N: Ordinaria Por Resoluci\u00f3n de Alcald\u00eda n\u00ba 98\/2021 de fecha 8 de JULIO, se ha convocado Sesi\u00f3n Ordinaria del Pleno Municipal, que se celebrar\u00e1 el pr\u00f3ximo MARTES, d\u00eda 13 de JULIO a las 19:00 horas, y que, seg\u00fan lo previsto en el art\u00edculo [&hellip;]","og_url":"https:\/\/www.penacerrada-urizaharra.eus\/eu\/convocatoria-sesion-ordinaria-de-pleno\/","og_site_name":"Ayuntamiento de Pe\u00f1acerrada-Urizaharra","article_published_time":"2021-07-08T16:11:24+00:00","article_modified_time":"2021-07-08T16:14:26+00:00","og_image":[{"width":160,"height":160,"url":"https:\/\/www.penacerrada-urizaharra.eus\/wp-content\/uploads\/2020\/03\/ayto-penacerrada-icon-04.png","type":"image\/png"}],"author":"Ayuntamiento de Pe\u00f1acerrada-Urizaharra","twitter_card":"summary_large_image","twitter_misc":{"Written by":"Ayuntamiento de Pe\u00f1acerrada-Urizaharra","Est. reading time":"2 minutes"},"schema":{"@context":"https:\/\/schema.org","@graph":[{"@type":"WebPage","@id":"https:\/\/www.penacerrada-urizaharra.eus\/eu\/convocatoria-sesion-ordinaria-de-pleno\/","url":"https:\/\/www.penacerrada-urizaharra.eus\/eu\/convocatoria-sesion-ordinaria-de-pleno\/","name":"CONVOCATORIA SESI\u00d3N ORDINARIA DE PLENO 13 DE JULIO - Ayuntamiento de Pe\u00f1acerrada-Urizaharra","isPartOf":{"@id":"https:\/\/www.penacerrada-urizaharra.eus\/#website"},"primaryImageOfPage":{"@id":"https:\/\/www.penacerrada-urizaharra.eus\/eu\/convocatoria-sesion-ordinaria-de-pleno\/#primaryimage"},"image":{"@id":"https:\/\/www.penacerrada-urizaharra.eus\/eu\/convocatoria-sesion-ordinaria-de-pleno\/#primaryimage"},"thumbnailUrl":"https:\/\/www.penacerrada-urizaharra.eus\/wp-content\/uploads\/2020\/03\/ayto-penacerrada-icon-04.png","datePublished":"2021-07-08T16:11:24+00:00","dateModified":"2021-07-08T16:14:26+00:00","author":{"@id":"https:\/\/www.penacerrada-urizaharra.eus\/#\/schema\/person\/fe1f5cb4e53761d6c52df044d2d8d3af"},"breadcrumb":{"@id":"https:\/\/www.penacerrada-urizaharra.eus\/eu\/convocatoria-sesion-ordinaria-de-pleno\/#breadcrumb"},"inLanguage":"eu-ES","potentialAction":[{"@type":"ReadAction","target":["https:\/\/www.penacerrada-urizaharra.eus\/eu\/convocatoria-sesion-ordinaria-de-pleno\/"]}]},{"@type":"ImageObject","inLanguage":"eu-ES","@id":"https:\/\/www.penacerrada-urizaharra.eus\/eu\/convocatoria-sesion-ordinaria-de-pleno\/#primaryimage","url":"https:\/\/www.penacerrada-urizaharra.eus\/wp-content\/uploads\/2020\/03\/ayto-penacerrada-icon-04.png","contentUrl":"https:\/\/www.penacerrada-urizaharra.eus\/wp-content\/uploads\/2020\/03\/ayto-penacerrada-icon-04.png","width":160,"height":160},{"@type":"BreadcrumbList","@id":"https:\/\/www.penacerrada-urizaharra.eus\/eu\/convocatoria-sesion-ordinaria-de-pleno\/#breadcrumb","itemListElement":[{"@type":"ListItem","position":1,"name":"Portada","item":"https:\/\/www.penacerrada-urizaharra.eus\/eu\/"},{"@type":"ListItem","position":2,"name":"CONVOCATORIA SESI\u00d3N ORDINARIA DE PLENO 13 DE JULIO"}]},{"@type":"WebSite","@id":"https:\/\/www.penacerrada-urizaharra.eus\/#website","url":"https:\/\/www.penacerrada-urizaharra.eus\/","name":"Ayuntamiento de Pe\u00f1acerrada-Urizaharra","description":"","potentialAction":[{"@type":"SearchAction","target":{"@type":"EntryPoint","urlTemplate":"https:\/\/www.penacerrada-urizaharra.eus\/?s={search_term_string}"},"query-input":{"@type":"PropertyValueSpecification","valueRequired":true,"valueName":"search_term_string"}}],"inLanguage":"eu-ES"},{"@type":"Person","@id":"https:\/\/www.penacerrada-urizaharra.eus\/#\/schema\/person\/fe1f5cb4e53761d6c52df044d2d8d3af","name":"Ayuntamiento de Pe\u00f1acerrada-Urizaharra","url":"https:\/\/www.penacerrada-urizaharra.eus\/eu\/author\/penurambar\/"}]}},"_links":{"self":[{"href":"https:\/\/www.penacerrada-urizaharra.eus\/eu\/wp-json\/wp\/v2\/posts\/3995","targetHints":{"allow":["GET"]}}],"collection":[{"href":"https:\/\/www.penacerrada-urizaharra.eus\/eu\/wp-json\/wp\/v2\/posts"}],"about":[{"href":"https:\/\/www.penacerrada-urizaharra.eus\/eu\/wp-json\/wp\/v2\/types\/post"}],"author":[{"embeddable":true,"href":"https:\/\/www.penacerrada-urizaharra.eus\/eu\/wp-json\/wp\/v2\/users\/1"}],"replies":[{"embeddable":true,"href":"https:\/\/www.penacerrada-urizaharra.eus\/eu\/wp-json\/wp\/v2\/comments?post=3995"}],"version-history":[{"count":1,"href":"https:\/\/www.penacerrada-urizaharra.eus\/eu\/wp-json\/wp\/v2\/posts\/3995\/revisions"}],"predecessor-version":[{"id":3996,"href":"https:\/\/www.penacerrada-urizaharra.eus\/eu\/wp-json\/wp\/v2\/posts\/3995\/revisions\/3996"}],"wp:featuredmedia":[{"embeddable":true,"href":"https:\/\/www.penacerrada-urizaharra.eus\/eu\/wp-json\/wp\/v2\/media\/2954"}],"wp:attachment":[{"href":"https:\/\/www.penacerrada-urizaharra.eus\/eu\/wp-json\/wp\/v2\/media?parent=3995"}],"wp:term":[{"taxonomy":"category","embeddable":true,"href":"https:\/\/www.penacerrada-urizaharra.eus\/eu\/wp-json\/wp\/v2\/categories?post=3995"},{"taxonomy":"post_tag","embeddable":true,"href":"https:\/\/www.penacerrada-urizaharra.eus\/eu\/wp-json\/wp\/v2\/tags?post=3995"}],"curies":[{"name":"wp","href":"https:\/\/api.w.org\/{rel}","templated":true}]}}