{"id":3650,"date":"2021-01-14T17:29:59","date_gmt":"2021-01-14T16:29:59","guid":{"rendered":"https:\/\/www.penacerrada-urizaharra.eus\/convocatoria-sesion-ordinaria-de-pleno-19-de-enero-de-2021\/"},"modified":"2021-02-03T18:46:44","modified_gmt":"2021-02-03T17:46:44","slug":"convocatoria-sesion-ordinaria-de-pleno-19-de-enero-de-2021","status":"publish","type":"post","link":"https:\/\/www.penacerrada-urizaharra.eus\/eu\/convocatoria-sesion-ordinaria-de-pleno-19-de-enero-de-2021\/","title":{"rendered":"Convocatoria sesi\u00f3n ordinaria de pleno (19 de enero de 2021)"},"content":{"rendered":"<table>\n<tbody>\n<tr>\n<td width=\"286\"><strong>\u00a0\u00a0\u00a0 D\u00cdA:\u00a0\u00a0\u00a0\u00a0\u00a0\u00a0\u00a0 19 DE ENERO DE 2021<\/strong><\/td>\n<\/tr>\n<tr>\n<td width=\"286\"><strong>\u00a0\u00a0\u00a0\u00a0\u00a0\u00a0\u00a0\u00a0\u00a0 HORA:\u00a0\u00a0\u00a0\u00a0\u00a0\u00a0\u00a0\u00a0\u00a0\u00a0\u00a0\u00a0\u00a0\u00a0\u00a0\u00a0\u00a0\u00a0\u00a0 19:00<\/strong><\/td>\n<\/tr>\n<tr>\n<td width=\"286\"><strong>\u00a0\u00a0\u00a0\u00a0\u00a0\u00a0\u00a0\u00a0\u00a0 LUGAR:<\/strong><em>\u00a0\u00a0\u00a0\u00a0\u00a0\u00a0\u00a0\u00a0\u00a0 Sal\u00f3n de Sesiones<\/em><\/td>\n<\/tr>\n<tr>\n<td width=\"286\"><strong>\u00a0\u00a0\u00a0\u00a0\u00a0\u00a0\u00a0\u00a0\u00a0 SESI\u00d3N:<\/strong>\u00a0\u00a0\u00a0\u00a0\u00a0\u00a0\u00a0\u00a0\u00a0\u00a0\u00a0\u00a0\u00a0 <em>Ordinaria<\/em><\/td>\n<\/tr>\n<\/tbody>\n<\/table>\n<p>Por Resoluci\u00f3n de Alcald\u00eda n\u00ba 1\/2021 de fecha 14 de ENERO, se ha convocado <strong>Sesi\u00f3n Ordinaria del Pleno Municipal<\/strong>, que se celebrar\u00e1 <strong><u>el pr\u00f3ximo MARTES, d\u00eda 19 de ENERO a las 19:00 horas<\/u><\/strong>, y que, seg\u00fan lo previsto en el art\u00edculo 80 del Reglamento de Organizaci\u00f3n, Funcionamiento y R\u00e9gimen Jur\u00eddico de las Entidades Locales aprobado por Real Decreto 2568\/1986, de 28 de noviembre, tendr\u00e1 el siguiente,<\/p>\n<h2><strong>ORDEN DEL D\u00cdA<\/strong><\/h2>\n<p><strong>PRIMERO.-<\/strong> Lectura y aprobaci\u00f3n, si procede, del acta de las sesiones plenarias celebradas con fecha 10 de noviembre y 29 de diciembre de 2020.<\/p>\n<p><strong>SEGUNDO.-<\/strong> Daci\u00f3n de cuentas de las Resoluciones de Alcald\u00eda dictadas desde la celebraci\u00f3n de la \u00faltima sesi\u00f3n ordinaria de pleno.<\/p>\n<p><strong>TERCERO.-<\/strong> Acuerdo de conformidad del Ayuntamiento de Pe\u00f1acerrada-Urizaharra al acuerdo 720\/2020 del Consejo de Gobierno de la Diputaci\u00f3n Foral de \u00c1lava en el que se aprueba prorrogar, hasta el 31 de diciembre de 2021, el mantenimiento provisional de los servicios sociales.<\/p>\n<p><strong>CUARTO.-<\/strong> Acuerdo de actualizaci\u00f3n del Inventario de Bienes y Derechos del Ayuntamiento de Pe\u00f1acerrada-Urizaharra y aprobaci\u00f3n de la rectificaci\u00f3n de la ficha n\u00ba \u00a014-6 correspondiente al edificio municipal situado en la parcela catastral 924 del Pol\u00edgono 1 de Pe\u00f1acerrada-Urizaharra.<\/p>\n<p><strong>QUINTO.-<\/strong> Solicitud de la Junta Administrativa de Pe\u00f1acerrada-Urizaharra de disminuci\u00f3n puntual del canon por aprovechamiento de los MUP de titularidad municipal por del Coto de Caza VI-10151, debido a las restricciones de movilidad decretadas por las medidas antiCODIV-19.<\/p>\n<p><strong>SEXTO.-<\/strong> Estado de ejecuci\u00f3n presupuestaria a 31 de diciembre de 2020.<\/p>\n<p><strong>S\u00c9PTIMO.-<\/strong> Correspondencia recibida.<\/p>\n<p><strong>OCTAVO.-<\/strong> Ruegos y preguntas<\/p>\n<p style=\"text-align: right;\">\n<p style=\"text-align: right;\">En Pe\u00f1acerrada-Urizaharra (Araba\/\u00c1lava), a 14 de ENERO de 2021.<\/p>\n<p style=\"text-align: right;\">El Secretario,<\/p>\n<p style=\"text-align: right;\">Fdo.: I\u00f1aki Joseba Prusilla Mu\u00f1oz.<\/p>\n<p style=\"text-align: right;\">\n<p style=\"text-align: right;\">\n<p>&nbsp;<\/p>\n<p>&nbsp;<\/p>\n<p>&nbsp;<\/p>\n","protected":false},"excerpt":{"rendered":"<p>\u00a0\u00a0\u00a0 D\u00cdA:\u00a0\u00a0\u00a0\u00a0\u00a0\u00a0\u00a0 19 DE ENERO DE 2021 \u00a0\u00a0\u00a0\u00a0\u00a0\u00a0\u00a0\u00a0\u00a0 HORA:\u00a0\u00a0\u00a0\u00a0\u00a0\u00a0\u00a0\u00a0\u00a0\u00a0\u00a0\u00a0\u00a0\u00a0\u00a0\u00a0\u00a0\u00a0\u00a0 19:00 \u00a0\u00a0\u00a0\u00a0\u00a0\u00a0\u00a0\u00a0\u00a0 LUGAR:\u00a0\u00a0\u00a0\u00a0\u00a0\u00a0\u00a0\u00a0\u00a0 Sal\u00f3n de Sesiones \u00a0\u00a0\u00a0\u00a0\u00a0\u00a0\u00a0\u00a0\u00a0 SESI\u00d3N:\u00a0\u00a0\u00a0\u00a0\u00a0\u00a0\u00a0\u00a0\u00a0\u00a0\u00a0\u00a0\u00a0 Ordinaria Por Resoluci\u00f3n de Alcald\u00eda n\u00ba 1\/2021 de fecha 14 de ENERO, se ha convocado Sesi\u00f3n Ordinaria del Pleno Municipal, que se celebrar\u00e1 el pr\u00f3ximo MARTES, d\u00eda 19 de ENERO a las 19:00 horas, y que, seg\u00fan lo [&hellip;]<\/p>\n","protected":false},"author":1,"featured_media":2954,"comment_status":"closed","ping_status":"open","sticky":false,"template":"","format":"standard","meta":{"footnotes":""},"categories":[18],"tags":[],"class_list":["post-3650","post","type-post","status-publish","format-standard","has-post-thumbnail","hentry","category-berriak"],"yoast_head":"<!-- This site is optimized with the Yoast SEO plugin v26.6 - https:\/\/yoast.com\/wordpress\/plugins\/seo\/ -->\n<title>Convocatoria sesi\u00f3n ordinaria de pleno (19 de enero de 2021) - Ayuntamiento de Pe\u00f1acerrada-Urizaharra<\/title>\n<meta name=\"robots\" content=\"index, follow, max-snippet:-1, max-image-preview:large, max-video-preview:-1\" \/>\n<link rel=\"canonical\" href=\"https:\/\/www.penacerrada-urizaharra.eus\/eu\/convocatoria-sesion-ordinaria-de-pleno-19-de-enero-de-2021\/\" \/>\n<meta property=\"og:locale\" content=\"eu_ES\" \/>\n<meta property=\"og:type\" content=\"article\" \/>\n<meta property=\"og:title\" content=\"Convocatoria sesi\u00f3n ordinaria de pleno (19 de enero de 2021) - Ayuntamiento de Pe\u00f1acerrada-Urizaharra\" \/>\n<meta property=\"og:description\" content=\"\u00a0\u00a0\u00a0 D\u00cdA:\u00a0\u00a0\u00a0\u00a0\u00a0\u00a0\u00a0 19 DE ENERO DE 2021 \u00a0\u00a0\u00a0\u00a0\u00a0\u00a0\u00a0\u00a0\u00a0 HORA:\u00a0\u00a0\u00a0\u00a0\u00a0\u00a0\u00a0\u00a0\u00a0\u00a0\u00a0\u00a0\u00a0\u00a0\u00a0\u00a0\u00a0\u00a0\u00a0 19:00 \u00a0\u00a0\u00a0\u00a0\u00a0\u00a0\u00a0\u00a0\u00a0 LUGAR:\u00a0\u00a0\u00a0\u00a0\u00a0\u00a0\u00a0\u00a0\u00a0 Sal\u00f3n de Sesiones \u00a0\u00a0\u00a0\u00a0\u00a0\u00a0\u00a0\u00a0\u00a0 SESI\u00d3N:\u00a0\u00a0\u00a0\u00a0\u00a0\u00a0\u00a0\u00a0\u00a0\u00a0\u00a0\u00a0\u00a0 Ordinaria Por Resoluci\u00f3n de Alcald\u00eda n\u00ba 1\/2021 de fecha 14 de ENERO, se ha convocado Sesi\u00f3n Ordinaria del Pleno Municipal, que se celebrar\u00e1 el pr\u00f3ximo MARTES, d\u00eda 19 de ENERO a las 19:00 horas, y que, seg\u00fan lo [&hellip;]\" \/>\n<meta property=\"og:url\" content=\"https:\/\/www.penacerrada-urizaharra.eus\/eu\/convocatoria-sesion-ordinaria-de-pleno-19-de-enero-de-2021\/\" \/>\n<meta property=\"og:site_name\" content=\"Ayuntamiento de Pe\u00f1acerrada-Urizaharra\" \/>\n<meta property=\"article:published_time\" content=\"2021-01-14T16:29:59+00:00\" \/>\n<meta property=\"article:modified_time\" content=\"2021-02-03T17:46:44+00:00\" \/>\n<meta property=\"og:image\" content=\"https:\/\/www.penacerrada-urizaharra.eus\/wp-content\/uploads\/2020\/03\/ayto-penacerrada-icon-04.png\" \/>\n\t<meta property=\"og:image:width\" content=\"160\" \/>\n\t<meta property=\"og:image:height\" content=\"160\" \/>\n\t<meta property=\"og:image:type\" content=\"image\/png\" \/>\n<meta name=\"author\" content=\"Ayuntamiento de Pe\u00f1acerrada-Urizaharra\" \/>\n<meta name=\"twitter:card\" content=\"summary_large_image\" \/>\n<meta name=\"twitter:label1\" content=\"Written by\" \/>\n\t<meta name=\"twitter:data1\" content=\"Ayuntamiento de Pe\u00f1acerrada-Urizaharra\" \/>\n\t<meta name=\"twitter:label2\" content=\"Est. reading time\" \/>\n\t<meta name=\"twitter:data2\" content=\"2 minutes\" \/>\n<script type=\"application\/ld+json\" class=\"yoast-schema-graph\">{\"@context\":\"https:\/\/schema.org\",\"@graph\":[{\"@type\":\"WebPage\",\"@id\":\"https:\/\/www.penacerrada-urizaharra.eus\/eu\/convocatoria-sesion-ordinaria-de-pleno-19-de-enero-de-2021\/\",\"url\":\"https:\/\/www.penacerrada-urizaharra.eus\/eu\/convocatoria-sesion-ordinaria-de-pleno-19-de-enero-de-2021\/\",\"name\":\"Convocatoria sesi\u00f3n ordinaria de pleno (19 de enero de 2021) - Ayuntamiento de Pe\u00f1acerrada-Urizaharra\",\"isPartOf\":{\"@id\":\"https:\/\/www.penacerrada-urizaharra.eus\/#website\"},\"primaryImageOfPage\":{\"@id\":\"https:\/\/www.penacerrada-urizaharra.eus\/eu\/convocatoria-sesion-ordinaria-de-pleno-19-de-enero-de-2021\/#primaryimage\"},\"image\":{\"@id\":\"https:\/\/www.penacerrada-urizaharra.eus\/eu\/convocatoria-sesion-ordinaria-de-pleno-19-de-enero-de-2021\/#primaryimage\"},\"thumbnailUrl\":\"https:\/\/www.penacerrada-urizaharra.eus\/wp-content\/uploads\/2020\/03\/ayto-penacerrada-icon-04.png\",\"datePublished\":\"2021-01-14T16:29:59+00:00\",\"dateModified\":\"2021-02-03T17:46:44+00:00\",\"author\":{\"@id\":\"https:\/\/www.penacerrada-urizaharra.eus\/#\/schema\/person\/fe1f5cb4e53761d6c52df044d2d8d3af\"},\"breadcrumb\":{\"@id\":\"https:\/\/www.penacerrada-urizaharra.eus\/eu\/convocatoria-sesion-ordinaria-de-pleno-19-de-enero-de-2021\/#breadcrumb\"},\"inLanguage\":\"eu-ES\",\"potentialAction\":[{\"@type\":\"ReadAction\",\"target\":[\"https:\/\/www.penacerrada-urizaharra.eus\/eu\/convocatoria-sesion-ordinaria-de-pleno-19-de-enero-de-2021\/\"]}]},{\"@type\":\"ImageObject\",\"inLanguage\":\"eu-ES\",\"@id\":\"https:\/\/www.penacerrada-urizaharra.eus\/eu\/convocatoria-sesion-ordinaria-de-pleno-19-de-enero-de-2021\/#primaryimage\",\"url\":\"https:\/\/www.penacerrada-urizaharra.eus\/wp-content\/uploads\/2020\/03\/ayto-penacerrada-icon-04.png\",\"contentUrl\":\"https:\/\/www.penacerrada-urizaharra.eus\/wp-content\/uploads\/2020\/03\/ayto-penacerrada-icon-04.png\",\"width\":160,\"height\":160},{\"@type\":\"BreadcrumbList\",\"@id\":\"https:\/\/www.penacerrada-urizaharra.eus\/eu\/convocatoria-sesion-ordinaria-de-pleno-19-de-enero-de-2021\/#breadcrumb\",\"itemListElement\":[{\"@type\":\"ListItem\",\"position\":1,\"name\":\"Portada\",\"item\":\"https:\/\/www.penacerrada-urizaharra.eus\/eu\/\"},{\"@type\":\"ListItem\",\"position\":2,\"name\":\"Convocatoria sesi\u00f3n ordinaria de pleno (19 de enero de 2021)\"}]},{\"@type\":\"WebSite\",\"@id\":\"https:\/\/www.penacerrada-urizaharra.eus\/#website\",\"url\":\"https:\/\/www.penacerrada-urizaharra.eus\/\",\"name\":\"Ayuntamiento de Pe\u00f1acerrada-Urizaharra\",\"description\":\"\",\"potentialAction\":[{\"@type\":\"SearchAction\",\"target\":{\"@type\":\"EntryPoint\",\"urlTemplate\":\"https:\/\/www.penacerrada-urizaharra.eus\/?s={search_term_string}\"},\"query-input\":{\"@type\":\"PropertyValueSpecification\",\"valueRequired\":true,\"valueName\":\"search_term_string\"}}],\"inLanguage\":\"eu-ES\"},{\"@type\":\"Person\",\"@id\":\"https:\/\/www.penacerrada-urizaharra.eus\/#\/schema\/person\/fe1f5cb4e53761d6c52df044d2d8d3af\",\"name\":\"Ayuntamiento de Pe\u00f1acerrada-Urizaharra\",\"url\":\"https:\/\/www.penacerrada-urizaharra.eus\/eu\/author\/penurambar\/\"}]}<\/script>\n<!-- \/ Yoast SEO plugin. -->","yoast_head_json":{"title":"Convocatoria sesi\u00f3n ordinaria de pleno (19 de enero de 2021) - Ayuntamiento de Pe\u00f1acerrada-Urizaharra","robots":{"index":"index","follow":"follow","max-snippet":"max-snippet:-1","max-image-preview":"max-image-preview:large","max-video-preview":"max-video-preview:-1"},"canonical":"https:\/\/www.penacerrada-urizaharra.eus\/eu\/convocatoria-sesion-ordinaria-de-pleno-19-de-enero-de-2021\/","og_locale":"eu_ES","og_type":"article","og_title":"Convocatoria sesi\u00f3n ordinaria de pleno (19 de enero de 2021) - Ayuntamiento de Pe\u00f1acerrada-Urizaharra","og_description":"\u00a0\u00a0\u00a0 D\u00cdA:\u00a0\u00a0\u00a0\u00a0\u00a0\u00a0\u00a0 19 DE ENERO DE 2021 \u00a0\u00a0\u00a0\u00a0\u00a0\u00a0\u00a0\u00a0\u00a0 HORA:\u00a0\u00a0\u00a0\u00a0\u00a0\u00a0\u00a0\u00a0\u00a0\u00a0\u00a0\u00a0\u00a0\u00a0\u00a0\u00a0\u00a0\u00a0\u00a0 19:00 \u00a0\u00a0\u00a0\u00a0\u00a0\u00a0\u00a0\u00a0\u00a0 LUGAR:\u00a0\u00a0\u00a0\u00a0\u00a0\u00a0\u00a0\u00a0\u00a0 Sal\u00f3n de Sesiones \u00a0\u00a0\u00a0\u00a0\u00a0\u00a0\u00a0\u00a0\u00a0 SESI\u00d3N:\u00a0\u00a0\u00a0\u00a0\u00a0\u00a0\u00a0\u00a0\u00a0\u00a0\u00a0\u00a0\u00a0 Ordinaria Por Resoluci\u00f3n de Alcald\u00eda n\u00ba 1\/2021 de fecha 14 de ENERO, se ha convocado Sesi\u00f3n Ordinaria del Pleno Municipal, que se celebrar\u00e1 el pr\u00f3ximo MARTES, d\u00eda 19 de ENERO a las 19:00 horas, y que, seg\u00fan lo [&hellip;]","og_url":"https:\/\/www.penacerrada-urizaharra.eus\/eu\/convocatoria-sesion-ordinaria-de-pleno-19-de-enero-de-2021\/","og_site_name":"Ayuntamiento de Pe\u00f1acerrada-Urizaharra","article_published_time":"2021-01-14T16:29:59+00:00","article_modified_time":"2021-02-03T17:46:44+00:00","og_image":[{"width":160,"height":160,"url":"https:\/\/www.penacerrada-urizaharra.eus\/wp-content\/uploads\/2020\/03\/ayto-penacerrada-icon-04.png","type":"image\/png"}],"author":"Ayuntamiento de Pe\u00f1acerrada-Urizaharra","twitter_card":"summary_large_image","twitter_misc":{"Written by":"Ayuntamiento de Pe\u00f1acerrada-Urizaharra","Est. reading time":"2 minutes"},"schema":{"@context":"https:\/\/schema.org","@graph":[{"@type":"WebPage","@id":"https:\/\/www.penacerrada-urizaharra.eus\/eu\/convocatoria-sesion-ordinaria-de-pleno-19-de-enero-de-2021\/","url":"https:\/\/www.penacerrada-urizaharra.eus\/eu\/convocatoria-sesion-ordinaria-de-pleno-19-de-enero-de-2021\/","name":"Convocatoria sesi\u00f3n ordinaria de pleno (19 de enero de 2021) - Ayuntamiento de Pe\u00f1acerrada-Urizaharra","isPartOf":{"@id":"https:\/\/www.penacerrada-urizaharra.eus\/#website"},"primaryImageOfPage":{"@id":"https:\/\/www.penacerrada-urizaharra.eus\/eu\/convocatoria-sesion-ordinaria-de-pleno-19-de-enero-de-2021\/#primaryimage"},"image":{"@id":"https:\/\/www.penacerrada-urizaharra.eus\/eu\/convocatoria-sesion-ordinaria-de-pleno-19-de-enero-de-2021\/#primaryimage"},"thumbnailUrl":"https:\/\/www.penacerrada-urizaharra.eus\/wp-content\/uploads\/2020\/03\/ayto-penacerrada-icon-04.png","datePublished":"2021-01-14T16:29:59+00:00","dateModified":"2021-02-03T17:46:44+00:00","author":{"@id":"https:\/\/www.penacerrada-urizaharra.eus\/#\/schema\/person\/fe1f5cb4e53761d6c52df044d2d8d3af"},"breadcrumb":{"@id":"https:\/\/www.penacerrada-urizaharra.eus\/eu\/convocatoria-sesion-ordinaria-de-pleno-19-de-enero-de-2021\/#breadcrumb"},"inLanguage":"eu-ES","potentialAction":[{"@type":"ReadAction","target":["https:\/\/www.penacerrada-urizaharra.eus\/eu\/convocatoria-sesion-ordinaria-de-pleno-19-de-enero-de-2021\/"]}]},{"@type":"ImageObject","inLanguage":"eu-ES","@id":"https:\/\/www.penacerrada-urizaharra.eus\/eu\/convocatoria-sesion-ordinaria-de-pleno-19-de-enero-de-2021\/#primaryimage","url":"https:\/\/www.penacerrada-urizaharra.eus\/wp-content\/uploads\/2020\/03\/ayto-penacerrada-icon-04.png","contentUrl":"https:\/\/www.penacerrada-urizaharra.eus\/wp-content\/uploads\/2020\/03\/ayto-penacerrada-icon-04.png","width":160,"height":160},{"@type":"BreadcrumbList","@id":"https:\/\/www.penacerrada-urizaharra.eus\/eu\/convocatoria-sesion-ordinaria-de-pleno-19-de-enero-de-2021\/#breadcrumb","itemListElement":[{"@type":"ListItem","position":1,"name":"Portada","item":"https:\/\/www.penacerrada-urizaharra.eus\/eu\/"},{"@type":"ListItem","position":2,"name":"Convocatoria sesi\u00f3n ordinaria de pleno (19 de enero de 2021)"}]},{"@type":"WebSite","@id":"https:\/\/www.penacerrada-urizaharra.eus\/#website","url":"https:\/\/www.penacerrada-urizaharra.eus\/","name":"Ayuntamiento de Pe\u00f1acerrada-Urizaharra","description":"","potentialAction":[{"@type":"SearchAction","target":{"@type":"EntryPoint","urlTemplate":"https:\/\/www.penacerrada-urizaharra.eus\/?s={search_term_string}"},"query-input":{"@type":"PropertyValueSpecification","valueRequired":true,"valueName":"search_term_string"}}],"inLanguage":"eu-ES"},{"@type":"Person","@id":"https:\/\/www.penacerrada-urizaharra.eus\/#\/schema\/person\/fe1f5cb4e53761d6c52df044d2d8d3af","name":"Ayuntamiento de Pe\u00f1acerrada-Urizaharra","url":"https:\/\/www.penacerrada-urizaharra.eus\/eu\/author\/penurambar\/"}]}},"_links":{"self":[{"href":"https:\/\/www.penacerrada-urizaharra.eus\/eu\/wp-json\/wp\/v2\/posts\/3650","targetHints":{"allow":["GET"]}}],"collection":[{"href":"https:\/\/www.penacerrada-urizaharra.eus\/eu\/wp-json\/wp\/v2\/posts"}],"about":[{"href":"https:\/\/www.penacerrada-urizaharra.eus\/eu\/wp-json\/wp\/v2\/types\/post"}],"author":[{"embeddable":true,"href":"https:\/\/www.penacerrada-urizaharra.eus\/eu\/wp-json\/wp\/v2\/users\/1"}],"replies":[{"embeddable":true,"href":"https:\/\/www.penacerrada-urizaharra.eus\/eu\/wp-json\/wp\/v2\/comments?post=3650"}],"version-history":[{"count":1,"href":"https:\/\/www.penacerrada-urizaharra.eus\/eu\/wp-json\/wp\/v2\/posts\/3650\/revisions"}],"predecessor-version":[{"id":3677,"href":"https:\/\/www.penacerrada-urizaharra.eus\/eu\/wp-json\/wp\/v2\/posts\/3650\/revisions\/3677"}],"wp:featuredmedia":[{"embeddable":true,"href":"https:\/\/www.penacerrada-urizaharra.eus\/eu\/wp-json\/wp\/v2\/media\/2954"}],"wp:attachment":[{"href":"https:\/\/www.penacerrada-urizaharra.eus\/eu\/wp-json\/wp\/v2\/media?parent=3650"}],"wp:term":[{"taxonomy":"category","embeddable":true,"href":"https:\/\/www.penacerrada-urizaharra.eus\/eu\/wp-json\/wp\/v2\/categories?post=3650"},{"taxonomy":"post_tag","embeddable":true,"href":"https:\/\/www.penacerrada-urizaharra.eus\/eu\/wp-json\/wp\/v2\/tags?post=3650"}],"curies":[{"name":"wp","href":"https:\/\/api.w.org\/{rel}","templated":true}]}}