{"id":3516,"date":"2020-11-06T13:56:54","date_gmt":"2020-11-06T12:56:54","guid":{"rendered":"https:\/\/www.penacerrada-urizaharra.eus\/convocatoria-pleno-10-de-noviembre-de-2020\/"},"modified":"2020-11-06T13:56:54","modified_gmt":"2020-11-06T12:56:54","slug":"convocatoria-pleno-10-de-noviembre-de-2020","status":"publish","type":"post","link":"https:\/\/www.penacerrada-urizaharra.eus\/eu\/convocatoria-pleno-10-de-noviembre-de-2020\/","title":{"rendered":"CONVOCATORIA PLENO 10 DE NOVIEMBRE DE 2020"},"content":{"rendered":"<h2><strong>CONVOCATORIA SESI\u00d3N ORDINARIA DE PLENO<\/strong><\/h2>\n<table>\n<tbody>\n<tr>\n<td width=\"286\"><strong>\u00a0\u00a0\u00a0 D\u00cdA:\u00a0\u00a0\u00a0\u00a0\u00a0\u00a0\u00a0 10 DE NOVIEMBRE DE 2020<\/strong><\/td>\n<\/tr>\n<tr>\n<td width=\"286\"><strong>\u00a0\u00a0\u00a0\u00a0\u00a0\u00a0\u00a0\u00a0\u00a0 HORA:\u00a0\u00a0\u00a0\u00a0\u00a0\u00a0\u00a0\u00a0\u00a0\u00a0\u00a0\u00a0\u00a0\u00a0\u00a0\u00a0\u00a0\u00a0\u00a0 19:00<\/strong><\/td>\n<\/tr>\n<tr>\n<td width=\"286\"><strong>\u00a0\u00a0\u00a0\u00a0\u00a0\u00a0\u00a0\u00a0\u00a0 LUGAR:<\/strong><em>\u00a0\u00a0\u00a0\u00a0\u00a0\u00a0\u00a0\u00a0\u00a0 Sal\u00f3n de Sesiones<\/em><\/td>\n<\/tr>\n<tr>\n<td width=\"286\"><strong>\u00a0\u00a0\u00a0\u00a0\u00a0\u00a0\u00a0\u00a0\u00a0 SESI\u00d3N:<\/strong>\u00a0\u00a0\u00a0\u00a0\u00a0\u00a0\u00a0\u00a0\u00a0\u00a0\u00a0\u00a0\u00a0 <em>Ordinaria<\/em><\/td>\n<\/tr>\n<\/tbody>\n<\/table>\n<p>Por Resoluci\u00f3n de Alcald\u00eda n\u00ba 148\/2020 de fecha 5 de NOVIEMBRE, se ha convocado <strong>Sesi\u00f3n Ordinaria del Pleno Municipal<\/strong>, que se celebrar\u00e1 <strong><u>el pr\u00f3ximo MARTES, d\u00eda 10 de NOVIEMBRE a las 19:00 horas<\/u><\/strong>, y que, seg\u00fan lo previsto en el art\u00edculo 80 del Reglamento de Organizaci\u00f3n, Funcionamiento y R\u00e9gimen Jur\u00eddico de las Entidades Locales aprobado por Real Decreto 2568\/1986, de 28 de noviembre, tendr\u00e1 el siguiente,<\/p>\n<h3><strong>ORDEN DEL D\u00cdA<\/strong><\/h3>\n<p><strong>PRIMERO.-<\/strong> Lectura y aprobaci\u00f3n, si procede, del acta de la sesi\u00f3n plenaria celebrada con fecha 15 de septiembre de 2020.<\/p>\n<p><strong>SEGUNDO.-<\/strong> Daci\u00f3n de cuentas de las Resoluciones de Alcald\u00eda dictadas desde la celebraci\u00f3n de la \u00faltima sesi\u00f3n ordinaria de pleno.<\/p>\n<p><strong>TERCERO.-<\/strong> Aprobaci\u00f3n del Expediente Forestal del Ayuntamiento de Pe\u00f1acerrada-Urizaharra correspondiente al ejercicio 2021.<\/p>\n<p><strong>CUARTO.-<\/strong> Canon del Coto de Caza VI-10.151 denominado \u201cPe\u00f1acerrada\u201d, a la Junta Administrativa de Pe\u00f1acerrada-Urizaharra.<\/p>\n<p><strong>QUINTO.-<\/strong> Acuerdo de devoluci\u00f3n, o no devengo, del cobro, de la cuota correspondiente de las instalaciones municipales, por motivo de la pandemia de la COVID-19, de las tasas por prestaci\u00f3n de servicios p\u00fablicos y realizaci\u00f3n de actividades (actividades deportivas).<\/p>\n<p><strong>SEXTO.-<\/strong> Adjudicaci\u00f3n del contrato de Redacci\u00f3n desde la Aprobaci\u00f3n Inicial del Plan General de Ordenaci\u00f3n Urbana y de los documentos, desde la fase de Estudio Ambiental Estrat\u00e9gico, relativos al procedimiento de Evaluaci\u00f3n Ambiental Estrat\u00e9gica del Ayuntamiento de Pe\u00f1acerrada-Urizaharra.<\/p>\n<p><strong>S\u00c9PTIMO.-<\/strong> Acuerdo sobre recursos de reposici\u00f3n interpuestos contra la aprobaci\u00f3n provisional la 1\u00aa Modificaci\u00f3n del Plan Especial de Rehabilitaci\u00f3n Integrada del Casco Hist\u00f3rico de Pe\u00f1acerrada.<\/p>\n<p><strong>OCTAVO.- <\/strong>Convenio de colaboraci\u00f3n con el IVAP en materia de capacitaci\u00f3n y normalizaci\u00f3n ling\u00fc\u00edstica.<\/p>\n<p><strong>NOVENO.- <\/strong>Ponencia de Valoraci\u00f3n de Suelo y construcciones de los bienes inmuebles de naturaleza urbana del t\u00e9rmino municipal de Pe\u00f1acerrada-Urizaharra y Ordenanza Fiscal reguladora del Impuesto sobre Bienes Inmuebles.<\/p>\n<p><strong>D\u00c9CIMO.-<\/strong> Convenio de colaboraci\u00f3n para el fomento y gesti\u00f3n del Museo etnogr\u00e1fico al aire libre de Pe\u00f1acerrada-Urizaharra.<\/p>\n<p><strong>UND\u00c9CIMO.- <\/strong>Aprobaci\u00f3n de Expediente de modificaci\u00f3n presupuestaria. Expediente de cr\u00e9dito adicional 6\/2020.<\/p>\n<p><strong>DUOD\u00c9CIMO.-<\/strong>Estado de ejecuci\u00f3n presupuestaria a 30 de septiembre de 2020.<\/p>\n<p><strong>DECIMOTERCERO.-<\/strong>Reclamaci\u00f3n de la Junta Administrativa de Pe\u00f1acerrada-Urizaharra de retirada del servicio contenedores de compostaje en Pe\u00f1acerrada-Urizaharra.<\/p>\n<p><strong>DECIMOCUARTO.- <\/strong>Declaraci\u00f3n institucional para el 25N con motivo del D\u00eda por la eliminaci\u00f3n de la violencia contra las mujeres.<\/p>\n<p><strong>DECIMOQUINTO.-<\/strong> Equipos inform\u00e1ticos para los grupos pol\u00edticos municipales.<\/p>\n<p><strong>DECIMOSEXTO.-<\/strong> Correspondencia recibida.<\/p>\n<p><strong>DECIMOS\u00c9PTIMO.-<\/strong> Ruegos y preguntas<\/p>\n<p style=\"text-align: right;\">En Pe\u00f1acerrada-Urizaharra (Araba\/\u00c1lava), a 5 de NOVIEMBRE de 2020.<\/p>\n<p style=\"text-align: right;\">El Secretario,<\/p>\n<p style=\"text-align: right;\">Fdo.: I\u00f1aki Joseba Prusilla Mu\u00f1oz.<\/p>\n","protected":false},"excerpt":{"rendered":"<p>CONVOCATORIA SESI\u00d3N ORDINARIA DE PLENO \u00a0\u00a0\u00a0 D\u00cdA:\u00a0\u00a0\u00a0\u00a0\u00a0\u00a0\u00a0 10 DE NOVIEMBRE DE 2020 \u00a0\u00a0\u00a0\u00a0\u00a0\u00a0\u00a0\u00a0\u00a0 HORA:\u00a0\u00a0\u00a0\u00a0\u00a0\u00a0\u00a0\u00a0\u00a0\u00a0\u00a0\u00a0\u00a0\u00a0\u00a0\u00a0\u00a0\u00a0\u00a0 19:00 \u00a0\u00a0\u00a0\u00a0\u00a0\u00a0\u00a0\u00a0\u00a0 LUGAR:\u00a0\u00a0\u00a0\u00a0\u00a0\u00a0\u00a0\u00a0\u00a0 Sal\u00f3n de Sesiones \u00a0\u00a0\u00a0\u00a0\u00a0\u00a0\u00a0\u00a0\u00a0 SESI\u00d3N:\u00a0\u00a0\u00a0\u00a0\u00a0\u00a0\u00a0\u00a0\u00a0\u00a0\u00a0\u00a0\u00a0 Ordinaria Por Resoluci\u00f3n de Alcald\u00eda n\u00ba 148\/2020 de fecha 5 de NOVIEMBRE, se ha convocado Sesi\u00f3n Ordinaria del Pleno Municipal, que se celebrar\u00e1 el pr\u00f3ximo MARTES, d\u00eda 10 de NOVIEMBRE a las 19:00 [&hellip;]<\/p>\n","protected":false},"author":1,"featured_media":2954,"comment_status":"closed","ping_status":"open","sticky":false,"template":"","format":"standard","meta":{"footnotes":""},"categories":[18],"tags":[],"class_list":["post-3516","post","type-post","status-publish","format-standard","has-post-thumbnail","hentry","category-berriak"],"yoast_head":"<!-- This site is optimized with the Yoast SEO plugin v26.6 - https:\/\/yoast.com\/wordpress\/plugins\/seo\/ -->\n<title>CONVOCATORIA PLENO 10 DE NOVIEMBRE DE 2020 - Ayuntamiento de Pe\u00f1acerrada-Urizaharra<\/title>\n<meta name=\"robots\" content=\"index, follow, max-snippet:-1, max-image-preview:large, max-video-preview:-1\" \/>\n<link rel=\"canonical\" href=\"https:\/\/www.penacerrada-urizaharra.eus\/eu\/convocatoria-pleno-10-de-noviembre-de-2020\/\" \/>\n<meta property=\"og:locale\" content=\"eu_ES\" \/>\n<meta property=\"og:type\" content=\"article\" \/>\n<meta property=\"og:title\" content=\"CONVOCATORIA PLENO 10 DE NOVIEMBRE DE 2020 - Ayuntamiento de Pe\u00f1acerrada-Urizaharra\" \/>\n<meta property=\"og:description\" content=\"CONVOCATORIA SESI\u00d3N ORDINARIA DE PLENO \u00a0\u00a0\u00a0 D\u00cdA:\u00a0\u00a0\u00a0\u00a0\u00a0\u00a0\u00a0 10 DE NOVIEMBRE DE 2020 \u00a0\u00a0\u00a0\u00a0\u00a0\u00a0\u00a0\u00a0\u00a0 HORA:\u00a0\u00a0\u00a0\u00a0\u00a0\u00a0\u00a0\u00a0\u00a0\u00a0\u00a0\u00a0\u00a0\u00a0\u00a0\u00a0\u00a0\u00a0\u00a0 19:00 \u00a0\u00a0\u00a0\u00a0\u00a0\u00a0\u00a0\u00a0\u00a0 LUGAR:\u00a0\u00a0\u00a0\u00a0\u00a0\u00a0\u00a0\u00a0\u00a0 Sal\u00f3n de Sesiones \u00a0\u00a0\u00a0\u00a0\u00a0\u00a0\u00a0\u00a0\u00a0 SESI\u00d3N:\u00a0\u00a0\u00a0\u00a0\u00a0\u00a0\u00a0\u00a0\u00a0\u00a0\u00a0\u00a0\u00a0 Ordinaria Por Resoluci\u00f3n de Alcald\u00eda n\u00ba 148\/2020 de fecha 5 de NOVIEMBRE, se ha convocado Sesi\u00f3n Ordinaria del Pleno Municipal, que se celebrar\u00e1 el pr\u00f3ximo MARTES, d\u00eda 10 de NOVIEMBRE a las 19:00 [&hellip;]\" \/>\n<meta property=\"og:url\" content=\"https:\/\/www.penacerrada-urizaharra.eus\/eu\/convocatoria-pleno-10-de-noviembre-de-2020\/\" \/>\n<meta property=\"og:site_name\" content=\"Ayuntamiento de Pe\u00f1acerrada-Urizaharra\" \/>\n<meta property=\"article:published_time\" content=\"2020-11-06T12:56:54+00:00\" \/>\n<meta property=\"og:image\" content=\"https:\/\/www.penacerrada-urizaharra.eus\/wp-content\/uploads\/2020\/03\/ayto-penacerrada-icon-04.png\" \/>\n\t<meta property=\"og:image:width\" content=\"160\" \/>\n\t<meta property=\"og:image:height\" content=\"160\" \/>\n\t<meta property=\"og:image:type\" content=\"image\/png\" \/>\n<meta name=\"author\" content=\"Ayuntamiento de Pe\u00f1acerrada-Urizaharra\" \/>\n<meta name=\"twitter:card\" content=\"summary_large_image\" \/>\n<meta name=\"twitter:label1\" content=\"Written by\" \/>\n\t<meta name=\"twitter:data1\" content=\"Ayuntamiento de Pe\u00f1acerrada-Urizaharra\" \/>\n\t<meta name=\"twitter:label2\" content=\"Est. reading time\" \/>\n\t<meta name=\"twitter:data2\" content=\"2 minutes\" \/>\n<script type=\"application\/ld+json\" class=\"yoast-schema-graph\">{\"@context\":\"https:\/\/schema.org\",\"@graph\":[{\"@type\":\"WebPage\",\"@id\":\"https:\/\/www.penacerrada-urizaharra.eus\/eu\/convocatoria-pleno-10-de-noviembre-de-2020\/\",\"url\":\"https:\/\/www.penacerrada-urizaharra.eus\/eu\/convocatoria-pleno-10-de-noviembre-de-2020\/\",\"name\":\"CONVOCATORIA PLENO 10 DE NOVIEMBRE DE 2020 - Ayuntamiento de Pe\u00f1acerrada-Urizaharra\",\"isPartOf\":{\"@id\":\"https:\/\/www.penacerrada-urizaharra.eus\/#website\"},\"primaryImageOfPage\":{\"@id\":\"https:\/\/www.penacerrada-urizaharra.eus\/eu\/convocatoria-pleno-10-de-noviembre-de-2020\/#primaryimage\"},\"image\":{\"@id\":\"https:\/\/www.penacerrada-urizaharra.eus\/eu\/convocatoria-pleno-10-de-noviembre-de-2020\/#primaryimage\"},\"thumbnailUrl\":\"https:\/\/www.penacerrada-urizaharra.eus\/wp-content\/uploads\/2020\/03\/ayto-penacerrada-icon-04.png\",\"datePublished\":\"2020-11-06T12:56:54+00:00\",\"author\":{\"@id\":\"https:\/\/www.penacerrada-urizaharra.eus\/#\/schema\/person\/fe1f5cb4e53761d6c52df044d2d8d3af\"},\"breadcrumb\":{\"@id\":\"https:\/\/www.penacerrada-urizaharra.eus\/eu\/convocatoria-pleno-10-de-noviembre-de-2020\/#breadcrumb\"},\"inLanguage\":\"eu-ES\",\"potentialAction\":[{\"@type\":\"ReadAction\",\"target\":[\"https:\/\/www.penacerrada-urizaharra.eus\/eu\/convocatoria-pleno-10-de-noviembre-de-2020\/\"]}]},{\"@type\":\"ImageObject\",\"inLanguage\":\"eu-ES\",\"@id\":\"https:\/\/www.penacerrada-urizaharra.eus\/eu\/convocatoria-pleno-10-de-noviembre-de-2020\/#primaryimage\",\"url\":\"https:\/\/www.penacerrada-urizaharra.eus\/wp-content\/uploads\/2020\/03\/ayto-penacerrada-icon-04.png\",\"contentUrl\":\"https:\/\/www.penacerrada-urizaharra.eus\/wp-content\/uploads\/2020\/03\/ayto-penacerrada-icon-04.png\",\"width\":160,\"height\":160},{\"@type\":\"BreadcrumbList\",\"@id\":\"https:\/\/www.penacerrada-urizaharra.eus\/eu\/convocatoria-pleno-10-de-noviembre-de-2020\/#breadcrumb\",\"itemListElement\":[{\"@type\":\"ListItem\",\"position\":1,\"name\":\"Portada\",\"item\":\"https:\/\/www.penacerrada-urizaharra.eus\/eu\/\"},{\"@type\":\"ListItem\",\"position\":2,\"name\":\"CONVOCATORIA PLENO 10 DE NOVIEMBRE DE 2020\"}]},{\"@type\":\"WebSite\",\"@id\":\"https:\/\/www.penacerrada-urizaharra.eus\/#website\",\"url\":\"https:\/\/www.penacerrada-urizaharra.eus\/\",\"name\":\"Ayuntamiento de Pe\u00f1acerrada-Urizaharra\",\"description\":\"\",\"potentialAction\":[{\"@type\":\"SearchAction\",\"target\":{\"@type\":\"EntryPoint\",\"urlTemplate\":\"https:\/\/www.penacerrada-urizaharra.eus\/?s={search_term_string}\"},\"query-input\":{\"@type\":\"PropertyValueSpecification\",\"valueRequired\":true,\"valueName\":\"search_term_string\"}}],\"inLanguage\":\"eu-ES\"},{\"@type\":\"Person\",\"@id\":\"https:\/\/www.penacerrada-urizaharra.eus\/#\/schema\/person\/fe1f5cb4e53761d6c52df044d2d8d3af\",\"name\":\"Ayuntamiento de Pe\u00f1acerrada-Urizaharra\",\"url\":\"https:\/\/www.penacerrada-urizaharra.eus\/eu\/author\/penurambar\/\"}]}<\/script>\n<!-- \/ Yoast SEO plugin. -->","yoast_head_json":{"title":"CONVOCATORIA PLENO 10 DE NOVIEMBRE DE 2020 - Ayuntamiento de Pe\u00f1acerrada-Urizaharra","robots":{"index":"index","follow":"follow","max-snippet":"max-snippet:-1","max-image-preview":"max-image-preview:large","max-video-preview":"max-video-preview:-1"},"canonical":"https:\/\/www.penacerrada-urizaharra.eus\/eu\/convocatoria-pleno-10-de-noviembre-de-2020\/","og_locale":"eu_ES","og_type":"article","og_title":"CONVOCATORIA PLENO 10 DE NOVIEMBRE DE 2020 - Ayuntamiento de Pe\u00f1acerrada-Urizaharra","og_description":"CONVOCATORIA SESI\u00d3N ORDINARIA DE PLENO \u00a0\u00a0\u00a0 D\u00cdA:\u00a0\u00a0\u00a0\u00a0\u00a0\u00a0\u00a0 10 DE NOVIEMBRE DE 2020 \u00a0\u00a0\u00a0\u00a0\u00a0\u00a0\u00a0\u00a0\u00a0 HORA:\u00a0\u00a0\u00a0\u00a0\u00a0\u00a0\u00a0\u00a0\u00a0\u00a0\u00a0\u00a0\u00a0\u00a0\u00a0\u00a0\u00a0\u00a0\u00a0 19:00 \u00a0\u00a0\u00a0\u00a0\u00a0\u00a0\u00a0\u00a0\u00a0 LUGAR:\u00a0\u00a0\u00a0\u00a0\u00a0\u00a0\u00a0\u00a0\u00a0 Sal\u00f3n de Sesiones \u00a0\u00a0\u00a0\u00a0\u00a0\u00a0\u00a0\u00a0\u00a0 SESI\u00d3N:\u00a0\u00a0\u00a0\u00a0\u00a0\u00a0\u00a0\u00a0\u00a0\u00a0\u00a0\u00a0\u00a0 Ordinaria Por Resoluci\u00f3n de Alcald\u00eda n\u00ba 148\/2020 de fecha 5 de NOVIEMBRE, se ha convocado Sesi\u00f3n Ordinaria del Pleno Municipal, que se celebrar\u00e1 el pr\u00f3ximo MARTES, d\u00eda 10 de NOVIEMBRE a las 19:00 [&hellip;]","og_url":"https:\/\/www.penacerrada-urizaharra.eus\/eu\/convocatoria-pleno-10-de-noviembre-de-2020\/","og_site_name":"Ayuntamiento de Pe\u00f1acerrada-Urizaharra","article_published_time":"2020-11-06T12:56:54+00:00","og_image":[{"width":160,"height":160,"url":"https:\/\/www.penacerrada-urizaharra.eus\/wp-content\/uploads\/2020\/03\/ayto-penacerrada-icon-04.png","type":"image\/png"}],"author":"Ayuntamiento de Pe\u00f1acerrada-Urizaharra","twitter_card":"summary_large_image","twitter_misc":{"Written by":"Ayuntamiento de Pe\u00f1acerrada-Urizaharra","Est. reading time":"2 minutes"},"schema":{"@context":"https:\/\/schema.org","@graph":[{"@type":"WebPage","@id":"https:\/\/www.penacerrada-urizaharra.eus\/eu\/convocatoria-pleno-10-de-noviembre-de-2020\/","url":"https:\/\/www.penacerrada-urizaharra.eus\/eu\/convocatoria-pleno-10-de-noviembre-de-2020\/","name":"CONVOCATORIA PLENO 10 DE NOVIEMBRE DE 2020 - Ayuntamiento de Pe\u00f1acerrada-Urizaharra","isPartOf":{"@id":"https:\/\/www.penacerrada-urizaharra.eus\/#website"},"primaryImageOfPage":{"@id":"https:\/\/www.penacerrada-urizaharra.eus\/eu\/convocatoria-pleno-10-de-noviembre-de-2020\/#primaryimage"},"image":{"@id":"https:\/\/www.penacerrada-urizaharra.eus\/eu\/convocatoria-pleno-10-de-noviembre-de-2020\/#primaryimage"},"thumbnailUrl":"https:\/\/www.penacerrada-urizaharra.eus\/wp-content\/uploads\/2020\/03\/ayto-penacerrada-icon-04.png","datePublished":"2020-11-06T12:56:54+00:00","author":{"@id":"https:\/\/www.penacerrada-urizaharra.eus\/#\/schema\/person\/fe1f5cb4e53761d6c52df044d2d8d3af"},"breadcrumb":{"@id":"https:\/\/www.penacerrada-urizaharra.eus\/eu\/convocatoria-pleno-10-de-noviembre-de-2020\/#breadcrumb"},"inLanguage":"eu-ES","potentialAction":[{"@type":"ReadAction","target":["https:\/\/www.penacerrada-urizaharra.eus\/eu\/convocatoria-pleno-10-de-noviembre-de-2020\/"]}]},{"@type":"ImageObject","inLanguage":"eu-ES","@id":"https:\/\/www.penacerrada-urizaharra.eus\/eu\/convocatoria-pleno-10-de-noviembre-de-2020\/#primaryimage","url":"https:\/\/www.penacerrada-urizaharra.eus\/wp-content\/uploads\/2020\/03\/ayto-penacerrada-icon-04.png","contentUrl":"https:\/\/www.penacerrada-urizaharra.eus\/wp-content\/uploads\/2020\/03\/ayto-penacerrada-icon-04.png","width":160,"height":160},{"@type":"BreadcrumbList","@id":"https:\/\/www.penacerrada-urizaharra.eus\/eu\/convocatoria-pleno-10-de-noviembre-de-2020\/#breadcrumb","itemListElement":[{"@type":"ListItem","position":1,"name":"Portada","item":"https:\/\/www.penacerrada-urizaharra.eus\/eu\/"},{"@type":"ListItem","position":2,"name":"CONVOCATORIA PLENO 10 DE NOVIEMBRE DE 2020"}]},{"@type":"WebSite","@id":"https:\/\/www.penacerrada-urizaharra.eus\/#website","url":"https:\/\/www.penacerrada-urizaharra.eus\/","name":"Ayuntamiento de Pe\u00f1acerrada-Urizaharra","description":"","potentialAction":[{"@type":"SearchAction","target":{"@type":"EntryPoint","urlTemplate":"https:\/\/www.penacerrada-urizaharra.eus\/?s={search_term_string}"},"query-input":{"@type":"PropertyValueSpecification","valueRequired":true,"valueName":"search_term_string"}}],"inLanguage":"eu-ES"},{"@type":"Person","@id":"https:\/\/www.penacerrada-urizaharra.eus\/#\/schema\/person\/fe1f5cb4e53761d6c52df044d2d8d3af","name":"Ayuntamiento de Pe\u00f1acerrada-Urizaharra","url":"https:\/\/www.penacerrada-urizaharra.eus\/eu\/author\/penurambar\/"}]}},"_links":{"self":[{"href":"https:\/\/www.penacerrada-urizaharra.eus\/eu\/wp-json\/wp\/v2\/posts\/3516","targetHints":{"allow":["GET"]}}],"collection":[{"href":"https:\/\/www.penacerrada-urizaharra.eus\/eu\/wp-json\/wp\/v2\/posts"}],"about":[{"href":"https:\/\/www.penacerrada-urizaharra.eus\/eu\/wp-json\/wp\/v2\/types\/post"}],"author":[{"embeddable":true,"href":"https:\/\/www.penacerrada-urizaharra.eus\/eu\/wp-json\/wp\/v2\/users\/1"}],"replies":[{"embeddable":true,"href":"https:\/\/www.penacerrada-urizaharra.eus\/eu\/wp-json\/wp\/v2\/comments?post=3516"}],"version-history":[{"count":0,"href":"https:\/\/www.penacerrada-urizaharra.eus\/eu\/wp-json\/wp\/v2\/posts\/3516\/revisions"}],"wp:featuredmedia":[{"embeddable":true,"href":"https:\/\/www.penacerrada-urizaharra.eus\/eu\/wp-json\/wp\/v2\/media\/2954"}],"wp:attachment":[{"href":"https:\/\/www.penacerrada-urizaharra.eus\/eu\/wp-json\/wp\/v2\/media?parent=3516"}],"wp:term":[{"taxonomy":"category","embeddable":true,"href":"https:\/\/www.penacerrada-urizaharra.eus\/eu\/wp-json\/wp\/v2\/categories?post=3516"},{"taxonomy":"post_tag","embeddable":true,"href":"https:\/\/www.penacerrada-urizaharra.eus\/eu\/wp-json\/wp\/v2\/tags?post=3516"}],"curies":[{"name":"wp","href":"https:\/\/api.w.org\/{rel}","templated":true}]}}