{"id":3082,"date":"2020-05-13T12:10:34","date_gmt":"2020-05-13T10:10:34","guid":{"rendered":"https:\/\/www.penacerrada-urizaharra.eus\/exposicion-publica-del-padron-del-impuesto-de-vehiculos-de-traccion-mecanica\/"},"modified":"2020-05-13T12:10:34","modified_gmt":"2020-05-13T10:10:34","slug":"exposicion-publica-del-padron-del-impuesto-de-vehiculos-de-traccion-mecanica","status":"publish","type":"post","link":"https:\/\/www.penacerrada-urizaharra.eus\/eu\/exposicion-publica-del-padron-del-impuesto-de-vehiculos-de-traccion-mecanica\/","title":{"rendered":"Exposici\u00f3n p\u00fablica del padr\u00f3n del impuesto de veh\u00edculos de tracci\u00f3n mec\u00e1nica"},"content":{"rendered":"<p>https:\/\/www.penacerrada-urizaharra.eus\/wp-content\/uploads\/2020\/09\/not-200430-ivtm.pdf<\/p>\n","protected":false},"excerpt":{"rendered":"<p>https:\/\/www.penacerrada-urizaharra.eus\/wp-content\/uploads\/2020\/09\/not-200430-ivtm.pdf<\/p>\n","protected":false},"author":1,"featured_media":2952,"comment_status":"closed","ping_status":"open","sticky":false,"template":"","format":"link","meta":{"footnotes":""},"categories":[18],"tags":[],"class_list":["post-3082","post","type-post","status-publish","format-link","has-post-thumbnail","hentry","category-berriak","post_format-post-format-link"],"yoast_head":"<!-- This site is optimized with the Yoast SEO plugin v26.6 - https:\/\/yoast.com\/wordpress\/plugins\/seo\/ -->\n<title>Exposici\u00f3n p\u00fablica del padr\u00f3n del impuesto de veh\u00edculos de tracci\u00f3n mec\u00e1nica - Ayuntamiento de Pe\u00f1acerrada-Urizaharra<\/title>\n<meta name=\"robots\" content=\"index, follow, max-snippet:-1, max-image-preview:large, max-video-preview:-1\" \/>\n<link rel=\"canonical\" href=\"https:\/\/www.penacerrada-urizaharra.eus\/eu\/exposicion-publica-del-padron-del-impuesto-de-vehiculos-de-traccion-mecanica\/\" \/>\n<meta property=\"og:locale\" content=\"eu_ES\" \/>\n<meta property=\"og:type\" content=\"article\" \/>\n<meta property=\"og:title\" content=\"Exposici\u00f3n p\u00fablica del padr\u00f3n del impuesto de veh\u00edculos de tracci\u00f3n mec\u00e1nica - Ayuntamiento de Pe\u00f1acerrada-Urizaharra\" \/>\n<meta property=\"og:description\" content=\"https:\/\/www.penacerrada-urizaharra.eus\/wp-content\/uploads\/2020\/09\/not-200430-ivtm.pdf\" \/>\n<meta property=\"og:url\" content=\"https:\/\/www.penacerrada-urizaharra.eus\/eu\/exposicion-publica-del-padron-del-impuesto-de-vehiculos-de-traccion-mecanica\/\" \/>\n<meta property=\"og:site_name\" content=\"Ayuntamiento de Pe\u00f1acerrada-Urizaharra\" \/>\n<meta property=\"article:published_time\" content=\"2020-05-13T10:10:34+00:00\" \/>\n<meta property=\"og:image\" content=\"https:\/\/www.penacerrada-urizaharra.eus\/wp-content\/uploads\/2020\/03\/ayto-penacerrada-icon-03.png\" \/>\n\t<meta property=\"og:image:width\" content=\"200\" \/>\n\t<meta property=\"og:image:height\" content=\"200\" \/>\n\t<meta property=\"og:image:type\" content=\"image\/png\" \/>\n<meta name=\"author\" content=\"Ayuntamiento de Pe\u00f1acerrada-Urizaharra\" \/>\n<meta name=\"twitter:card\" content=\"summary_large_image\" \/>\n<meta name=\"twitter:label1\" content=\"Written by\" \/>\n\t<meta name=\"twitter:data1\" content=\"Ayuntamiento de Pe\u00f1acerrada-Urizaharra\" \/>\n<script type=\"application\/ld+json\" class=\"yoast-schema-graph\">{\"@context\":\"https:\/\/schema.org\",\"@graph\":[{\"@type\":\"WebPage\",\"@id\":\"https:\/\/www.penacerrada-urizaharra.eus\/eu\/exposicion-publica-del-padron-del-impuesto-de-vehiculos-de-traccion-mecanica\/\",\"url\":\"https:\/\/www.penacerrada-urizaharra.eus\/eu\/exposicion-publica-del-padron-del-impuesto-de-vehiculos-de-traccion-mecanica\/\",\"name\":\"Exposici\u00f3n p\u00fablica del padr\u00f3n del impuesto de veh\u00edculos de tracci\u00f3n mec\u00e1nica - Ayuntamiento de Pe\u00f1acerrada-Urizaharra\",\"isPartOf\":{\"@id\":\"https:\/\/www.penacerrada-urizaharra.eus\/#website\"},\"primaryImageOfPage\":{\"@id\":\"https:\/\/www.penacerrada-urizaharra.eus\/eu\/exposicion-publica-del-padron-del-impuesto-de-vehiculos-de-traccion-mecanica\/#primaryimage\"},\"image\":{\"@id\":\"https:\/\/www.penacerrada-urizaharra.eus\/eu\/exposicion-publica-del-padron-del-impuesto-de-vehiculos-de-traccion-mecanica\/#primaryimage\"},\"thumbnailUrl\":\"https:\/\/www.penacerrada-urizaharra.eus\/wp-content\/uploads\/2020\/03\/ayto-penacerrada-icon-03.png\",\"datePublished\":\"2020-05-13T10:10:34+00:00\",\"author\":{\"@id\":\"https:\/\/www.penacerrada-urizaharra.eus\/#\/schema\/person\/fe1f5cb4e53761d6c52df044d2d8d3af\"},\"breadcrumb\":{\"@id\":\"https:\/\/www.penacerrada-urizaharra.eus\/eu\/exposicion-publica-del-padron-del-impuesto-de-vehiculos-de-traccion-mecanica\/#breadcrumb\"},\"inLanguage\":\"eu-ES\",\"potentialAction\":[{\"@type\":\"ReadAction\",\"target\":[\"https:\/\/www.penacerrada-urizaharra.eus\/eu\/exposicion-publica-del-padron-del-impuesto-de-vehiculos-de-traccion-mecanica\/\"]}]},{\"@type\":\"ImageObject\",\"inLanguage\":\"eu-ES\",\"@id\":\"https:\/\/www.penacerrada-urizaharra.eus\/eu\/exposicion-publica-del-padron-del-impuesto-de-vehiculos-de-traccion-mecanica\/#primaryimage\",\"url\":\"https:\/\/www.penacerrada-urizaharra.eus\/wp-content\/uploads\/2020\/03\/ayto-penacerrada-icon-03.png\",\"contentUrl\":\"https:\/\/www.penacerrada-urizaharra.eus\/wp-content\/uploads\/2020\/03\/ayto-penacerrada-icon-03.png\",\"width\":200,\"height\":200},{\"@type\":\"BreadcrumbList\",\"@id\":\"https:\/\/www.penacerrada-urizaharra.eus\/eu\/exposicion-publica-del-padron-del-impuesto-de-vehiculos-de-traccion-mecanica\/#breadcrumb\",\"itemListElement\":[{\"@type\":\"ListItem\",\"position\":1,\"name\":\"Portada\",\"item\":\"https:\/\/www.penacerrada-urizaharra.eus\/eu\/\"},{\"@type\":\"ListItem\",\"position\":2,\"name\":\"Exposici\u00f3n p\u00fablica del padr\u00f3n del impuesto de veh\u00edculos de tracci\u00f3n mec\u00e1nica\"}]},{\"@type\":\"WebSite\",\"@id\":\"https:\/\/www.penacerrada-urizaharra.eus\/#website\",\"url\":\"https:\/\/www.penacerrada-urizaharra.eus\/\",\"name\":\"Ayuntamiento de Pe\u00f1acerrada-Urizaharra\",\"description\":\"\",\"potentialAction\":[{\"@type\":\"SearchAction\",\"target\":{\"@type\":\"EntryPoint\",\"urlTemplate\":\"https:\/\/www.penacerrada-urizaharra.eus\/?s={search_term_string}\"},\"query-input\":{\"@type\":\"PropertyValueSpecification\",\"valueRequired\":true,\"valueName\":\"search_term_string\"}}],\"inLanguage\":\"eu-ES\"},{\"@type\":\"Person\",\"@id\":\"https:\/\/www.penacerrada-urizaharra.eus\/#\/schema\/person\/fe1f5cb4e53761d6c52df044d2d8d3af\",\"name\":\"Ayuntamiento de Pe\u00f1acerrada-Urizaharra\",\"url\":\"https:\/\/www.penacerrada-urizaharra.eus\/eu\/author\/penurambar\/\"}]}<\/script>\n<!-- \/ Yoast SEO plugin. -->","yoast_head_json":{"title":"Exposici\u00f3n p\u00fablica del padr\u00f3n del impuesto de veh\u00edculos de tracci\u00f3n mec\u00e1nica - Ayuntamiento de Pe\u00f1acerrada-Urizaharra","robots":{"index":"index","follow":"follow","max-snippet":"max-snippet:-1","max-image-preview":"max-image-preview:large","max-video-preview":"max-video-preview:-1"},"canonical":"https:\/\/www.penacerrada-urizaharra.eus\/eu\/exposicion-publica-del-padron-del-impuesto-de-vehiculos-de-traccion-mecanica\/","og_locale":"eu_ES","og_type":"article","og_title":"Exposici\u00f3n p\u00fablica del padr\u00f3n del impuesto de veh\u00edculos de tracci\u00f3n mec\u00e1nica - Ayuntamiento de Pe\u00f1acerrada-Urizaharra","og_description":"https:\/\/www.penacerrada-urizaharra.eus\/wp-content\/uploads\/2020\/09\/not-200430-ivtm.pdf","og_url":"https:\/\/www.penacerrada-urizaharra.eus\/eu\/exposicion-publica-del-padron-del-impuesto-de-vehiculos-de-traccion-mecanica\/","og_site_name":"Ayuntamiento de Pe\u00f1acerrada-Urizaharra","article_published_time":"2020-05-13T10:10:34+00:00","og_image":[{"width":200,"height":200,"url":"https:\/\/www.penacerrada-urizaharra.eus\/wp-content\/uploads\/2020\/03\/ayto-penacerrada-icon-03.png","type":"image\/png"}],"author":"Ayuntamiento de Pe\u00f1acerrada-Urizaharra","twitter_card":"summary_large_image","twitter_misc":{"Written by":"Ayuntamiento de Pe\u00f1acerrada-Urizaharra"},"schema":{"@context":"https:\/\/schema.org","@graph":[{"@type":"WebPage","@id":"https:\/\/www.penacerrada-urizaharra.eus\/eu\/exposicion-publica-del-padron-del-impuesto-de-vehiculos-de-traccion-mecanica\/","url":"https:\/\/www.penacerrada-urizaharra.eus\/eu\/exposicion-publica-del-padron-del-impuesto-de-vehiculos-de-traccion-mecanica\/","name":"Exposici\u00f3n p\u00fablica del padr\u00f3n del impuesto de veh\u00edculos de tracci\u00f3n mec\u00e1nica - Ayuntamiento de Pe\u00f1acerrada-Urizaharra","isPartOf":{"@id":"https:\/\/www.penacerrada-urizaharra.eus\/#website"},"primaryImageOfPage":{"@id":"https:\/\/www.penacerrada-urizaharra.eus\/eu\/exposicion-publica-del-padron-del-impuesto-de-vehiculos-de-traccion-mecanica\/#primaryimage"},"image":{"@id":"https:\/\/www.penacerrada-urizaharra.eus\/eu\/exposicion-publica-del-padron-del-impuesto-de-vehiculos-de-traccion-mecanica\/#primaryimage"},"thumbnailUrl":"https:\/\/www.penacerrada-urizaharra.eus\/wp-content\/uploads\/2020\/03\/ayto-penacerrada-icon-03.png","datePublished":"2020-05-13T10:10:34+00:00","author":{"@id":"https:\/\/www.penacerrada-urizaharra.eus\/#\/schema\/person\/fe1f5cb4e53761d6c52df044d2d8d3af"},"breadcrumb":{"@id":"https:\/\/www.penacerrada-urizaharra.eus\/eu\/exposicion-publica-del-padron-del-impuesto-de-vehiculos-de-traccion-mecanica\/#breadcrumb"},"inLanguage":"eu-ES","potentialAction":[{"@type":"ReadAction","target":["https:\/\/www.penacerrada-urizaharra.eus\/eu\/exposicion-publica-del-padron-del-impuesto-de-vehiculos-de-traccion-mecanica\/"]}]},{"@type":"ImageObject","inLanguage":"eu-ES","@id":"https:\/\/www.penacerrada-urizaharra.eus\/eu\/exposicion-publica-del-padron-del-impuesto-de-vehiculos-de-traccion-mecanica\/#primaryimage","url":"https:\/\/www.penacerrada-urizaharra.eus\/wp-content\/uploads\/2020\/03\/ayto-penacerrada-icon-03.png","contentUrl":"https:\/\/www.penacerrada-urizaharra.eus\/wp-content\/uploads\/2020\/03\/ayto-penacerrada-icon-03.png","width":200,"height":200},{"@type":"BreadcrumbList","@id":"https:\/\/www.penacerrada-urizaharra.eus\/eu\/exposicion-publica-del-padron-del-impuesto-de-vehiculos-de-traccion-mecanica\/#breadcrumb","itemListElement":[{"@type":"ListItem","position":1,"name":"Portada","item":"https:\/\/www.penacerrada-urizaharra.eus\/eu\/"},{"@type":"ListItem","position":2,"name":"Exposici\u00f3n p\u00fablica del padr\u00f3n del impuesto de veh\u00edculos de tracci\u00f3n mec\u00e1nica"}]},{"@type":"WebSite","@id":"https:\/\/www.penacerrada-urizaharra.eus\/#website","url":"https:\/\/www.penacerrada-urizaharra.eus\/","name":"Ayuntamiento de Pe\u00f1acerrada-Urizaharra","description":"","potentialAction":[{"@type":"SearchAction","target":{"@type":"EntryPoint","urlTemplate":"https:\/\/www.penacerrada-urizaharra.eus\/?s={search_term_string}"},"query-input":{"@type":"PropertyValueSpecification","valueRequired":true,"valueName":"search_term_string"}}],"inLanguage":"eu-ES"},{"@type":"Person","@id":"https:\/\/www.penacerrada-urizaharra.eus\/#\/schema\/person\/fe1f5cb4e53761d6c52df044d2d8d3af","name":"Ayuntamiento de Pe\u00f1acerrada-Urizaharra","url":"https:\/\/www.penacerrada-urizaharra.eus\/eu\/author\/penurambar\/"}]}},"_links":{"self":[{"href":"https:\/\/www.penacerrada-urizaharra.eus\/eu\/wp-json\/wp\/v2\/posts\/3082","targetHints":{"allow":["GET"]}}],"collection":[{"href":"https:\/\/www.penacerrada-urizaharra.eus\/eu\/wp-json\/wp\/v2\/posts"}],"about":[{"href":"https:\/\/www.penacerrada-urizaharra.eus\/eu\/wp-json\/wp\/v2\/types\/post"}],"author":[{"embeddable":true,"href":"https:\/\/www.penacerrada-urizaharra.eus\/eu\/wp-json\/wp\/v2\/users\/1"}],"replies":[{"embeddable":true,"href":"https:\/\/www.penacerrada-urizaharra.eus\/eu\/wp-json\/wp\/v2\/comments?post=3082"}],"version-history":[{"count":0,"href":"https:\/\/www.penacerrada-urizaharra.eus\/eu\/wp-json\/wp\/v2\/posts\/3082\/revisions"}],"wp:featuredmedia":[{"embeddable":true,"href":"https:\/\/www.penacerrada-urizaharra.eus\/eu\/wp-json\/wp\/v2\/media\/2952"}],"wp:attachment":[{"href":"https:\/\/www.penacerrada-urizaharra.eus\/eu\/wp-json\/wp\/v2\/media?parent=3082"}],"wp:term":[{"taxonomy":"category","embeddable":true,"href":"https:\/\/www.penacerrada-urizaharra.eus\/eu\/wp-json\/wp\/v2\/categories?post=3082"},{"taxonomy":"post_tag","embeddable":true,"href":"https:\/\/www.penacerrada-urizaharra.eus\/eu\/wp-json\/wp\/v2\/tags?post=3082"}],"curies":[{"name":"wp","href":"https:\/\/api.w.org\/{rel}","templated":true}]}}